{"id":10038,"date":"2025-05-08T08:49:10","date_gmt":"2025-05-08T11:49:10","guid":{"rendered":"https:\/\/sertaneja95fm.com.br\/sited\/?p=10038"},"modified":"2025-05-08T08:49:10","modified_gmt":"2025-05-08T11:49:10","slug":"vaticano-tem-fumaca-preta-e-fica-sem-papa-na-3a-votacao","status":"publish","type":"post","link":"https:\/\/sertaneja95fm.com.br\/sited\/vaticano-tem-fumaca-preta-e-fica-sem-papa-na-3a-votacao\/","title":{"rendered":"Vaticano tem fuma\u00e7a preta e fica sem papa na 3\u00aa vota\u00e7\u00e3o"},"content":{"rendered":"<p>Os 133 cardeais n\u00e3o elegeram um novo papa na 3\u00aa vota\u00e7\u00e3o geral do conclave nesta 5\u00aa feira (8.mai.2025). \u00c0s 6h51 (hor\u00e1rio de Bras\u00edlia), a melodia no teto da Capela Sistina soltou uma fuma\u00e7a preta, indicando que o novo pont\u00edfice n\u00e3o foi escolhido e o pleito continua.<\/p>\n<p>Para que o novo l\u00edder da Igreja seja eleito, s\u00e3o necess\u00e1rios \u2154 dos votos dos 133 cardeais \u2013 equivalente a 89 votos. Se a elei\u00e7\u00e3o chegar ao n\u00famero necess\u00e1rio, o cardeal escolhido diz se aceita ou n\u00e3o assume o papado. Caso aceite, a fuma\u00e7a branca sai da chamin\u00e9, anunciando a escolha do novo papa.<\/p>\n<p>Ainda nesta 5\u00aa feira (8.mai), os cardeais realizar\u00e3o duas outras vota\u00e7\u00f5es no conclave. At\u00e9 22 de maio, a elei\u00e7\u00e3o para escolha do novo papa ser\u00e1 feita 4 vezes ao dia, com 2 pleitos pela manh\u00e3 e outros 2 pela tarde.<\/p>\n<p>Os hor\u00e1rios previstos para que as fuma\u00e7as sejam liberadas no teto da Capela Sistina s\u00e3o (no hor\u00e1rio de Bras\u00edlia):<\/p>\n<ul class=\"wp-block-list\">\n<li><strong>4\u00aa vota\u00e7\u00e3o<\/strong>\u00a0\u2013 12h30 (s\u00f3 se o papa for eleito);<\/li>\n<li><strong>5\u00aa vota\u00e7\u00e3o<\/strong>\u00a0\u2013 14h.<\/li>\n<\/ul>\n<p>As fuma\u00e7as pretas ser\u00e3o liberadas somente depois das vota\u00e7\u00f5es \u00edmpares, enquanto a branca pode surgir em qualquer um dos pleitos se o pont\u00edfice escolhido.<\/p>\n<p>Caso n\u00e3o haja um novo papa eleito at\u00e9 domingo (11.mai), a elei\u00e7\u00e3o ser\u00e1 suspensa para ora\u00e7\u00e3o e discuss\u00e3o.<\/p>\n<p>Depois de 11 de maio, se necess\u00e1rio, h\u00e1 at\u00e9 10 dias de vota\u00e7\u00e3o, novamente 4 vezes por dia. Pode haver pausas e discursos dos cardeais a cada 7 sess\u00f5es. No entanto, depois de 21 de maio e da 33\u00aa ou 34\u00aa vota\u00e7\u00e3o (o Vaticano n\u00e3o esclarece o eleitorado), s\u00f3 os 2 cardeais mais votados disputaram uma esp\u00e9cie de 2\u00ba turno. Fica mantida a necessidade de 2\/3 dos votos para serem escolhidos.<\/p>\n<figure class=\"wp-block-image size-full is-resized\"><img loading=\"lazy\" decoding=\"async\" class=\"wp-image-10999\" src=\"https:\/\/bloggeraldocarneiro.com.br\/wp-content\/uploads\/2025\/05\/conclave-papa-votacao-vaticano-5-mai-2025-03-1-1607x2048-1-768x979-1.jpg\" sizes=\"auto, (max-width: 768px) 100vw, 768px\" srcset=\"https:\/\/bloggeraldocarneiro.com.br\/wp-content\/uploads\/2025\/05\/conclave-papa-votacao-vaticano-5-mai-2025-03-1-1607x2048-1-768x979-1.jpg 768w, https:\/\/bloggeraldocarneiro.com.br\/wp-content\/uploads\/2025\/05\/conclave-papa-votacao-vaticano-5-mai-2025-03-1-1607x2048-1-768x979-1-235x300.jpg 235w\" alt=\"\" width=\"768\" height=\"979\" \/><\/figure>\n<p>N\u00e3o h\u00e1 um tempo determinado para o conclave. Ele pode durar v\u00e1rios dias ou at\u00e9 semanas. Para a defini\u00e7\u00e3o de Jorge Mario Bergoglio, o papa Francisco, como santo padre, os candidatos demoraram 2 dias. A elei\u00e7\u00e3o mais longa durou 2 anos e 10 meses.<\/p>\n<p>Poder 360<\/p>\n<p>&nbsp;<\/p>\n","protected":false},"excerpt":{"rendered":"<p>Os 133 cardeais n\u00e3o elegeram um novo papa na 3\u00aa vota\u00e7\u00e3o geral do conclave nesta 5\u00aa feira (8.mai.2025). \u00c0s 6h51 (hor\u00e1rio de Bras\u00edlia), a melodia no teto da Capela Sistina soltou uma fuma\u00e7a preta, indicando que o novo pont\u00edfice n\u00e3o foi escolhido e o pleito continua. Para que o novo l\u00edder da Igreja seja eleito, [&hellip;]<\/p>\n","protected":false},"author":2,"featured_media":10039,"comment_status":"open","ping_status":"open","sticky":false,"template":"","format":"standard","meta":{"footnotes":""},"categories":[3,4,5,6,7,8],"tags":[],"class_list":["post-10038","post","type-post","status-publish","format-standard","has-post-thumbnail","hentry","category-destaque","category-locais","category-noticias","category-podcasts","category-sem-categoria","category-ultimas"],"aioseo_notices":[],"_links":{"self":[{"href":"https:\/\/sertaneja95fm.com.br\/sited\/wp-json\/wp\/v2\/posts\/10038","targetHints":{"allow":["GET"]}}],"collection":[{"href":"https:\/\/sertaneja95fm.com.br\/sited\/wp-json\/wp\/v2\/posts"}],"about":[{"href":"https:\/\/sertaneja95fm.com.br\/sited\/wp-json\/wp\/v2\/types\/post"}],"author":[{"embeddable":true,"href":"https:\/\/sertaneja95fm.com.br\/sited\/wp-json\/wp\/v2\/users\/2"}],"replies":[{"embeddable":true,"href":"https:\/\/sertaneja95fm.com.br\/sited\/wp-json\/wp\/v2\/comments?post=10038"}],"version-history":[{"count":2,"href":"https:\/\/sertaneja95fm.com.br\/sited\/wp-json\/wp\/v2\/posts\/10038\/revisions"}],"predecessor-version":[{"id":10041,"href":"https:\/\/sertaneja95fm.com.br\/sited\/wp-json\/wp\/v2\/posts\/10038\/revisions\/10041"}],"wp:featuredmedia":[{"embeddable":true,"href":"https:\/\/sertaneja95fm.com.br\/sited\/wp-json\/wp\/v2\/media\/10039"}],"wp:attachment":[{"href":"https:\/\/sertaneja95fm.com.br\/sited\/wp-json\/wp\/v2\/media?parent=10038"}],"wp:term":[{"taxonomy":"category","embeddable":true,"href":"https:\/\/sertaneja95fm.com.br\/sited\/wp-json\/wp\/v2\/categories?post=10038"},{"taxonomy":"post_tag","embeddable":true,"href":"https:\/\/sertaneja95fm.com.br\/sited\/wp-json\/wp\/v2\/tags?post=10038"}],"curies":[{"name":"wp","href":"https:\/\/api.w.org\/{rel}","templated":true}]}}