{"id":10066,"date":"2025-06-11T09:50:07","date_gmt":"2025-06-11T12:50:07","guid":{"rendered":"https:\/\/sertaneja95fm.com.br\/sited\/?p=10066"},"modified":"2025-06-11T09:50:07","modified_gmt":"2025-06-11T12:50:07","slug":"forro-bingo-e-muita-animacao-alpendre-da-sertaneja-acontece-nesta-sexta-feira-13-em-frente-a-igreja-imaculada-conceicao","status":"publish","type":"post","link":"https:\/\/sertaneja95fm.com.br\/sited\/forro-bingo-e-muita-animacao-alpendre-da-sertaneja-acontece-nesta-sexta-feira-13-em-frente-a-igreja-imaculada-conceicao\/","title":{"rendered":"Forr\u00f3, bingo e muita anima\u00e7\u00e3o: Alpendre da Sertaneja acontece nesta sexta-feira (13) em frente \u00e0 Igreja Imaculada Concei\u00e7\u00e3o"},"content":{"rendered":"<p data-start=\"232\" data-end=\"451\">A comunidade j\u00e1 est\u00e1 no clima junino e se prepara para mais uma edi\u00e7\u00e3o do <strong data-start=\"306\" data-end=\"331\">Alpendre da Sertaneja<\/strong>, que acontece nesta <strong data-start=\"352\" data-end=\"384\">sexta-feira, dia 13 de junho<\/strong>, a partir das <strong data-start=\"399\" data-end=\"406\">18h<\/strong>, em frente \u00e0 <strong data-start=\"420\" data-end=\"450\">Igreja Imaculada Concei\u00e7\u00e3o<\/strong>.<\/p>\n<p data-start=\"453\" data-end=\"681\">O evento promete muito forr\u00f3, alegria e intera\u00e7\u00e3o com o p\u00fablico. A anima\u00e7\u00e3o musical ficar\u00e1 por conta do cantor <strong data-start=\"564\" data-end=\"583\">Thierre Amilton<\/strong>, al\u00e9m da presen\u00e7a da animada <strong data-start=\"613\" data-end=\"636\">equipe da Sertaneja<\/strong>, que comandar\u00e1 a festa com muito entusiasmo.<\/p>\n<p data-start=\"683\" data-end=\"1055\">Um dos momentos mais esperados da noite ser\u00e1 o <strong data-start=\"730\" data-end=\"754\">super bingo gratuito<\/strong>, que distribuir\u00e1 pr\u00eamios como um <strong data-start=\"788\" data-end=\"814\">balaio junino recheado<\/strong>, oferecido pelo <strong data-start=\"831\" data-end=\"851\">Atacad\u00e3o Vicunha<\/strong>, e um <strong data-start=\"858\" data-end=\"906\">kit especial com produtos do Galego da Serra<\/strong>. Ao todo, <strong data-start=\"917\" data-end=\"933\">300 cartelas<\/strong> ser\u00e3o distribu\u00eddas gratuitamente, por isso a organiza\u00e7\u00e3o recomenda que os participantes cheguem cedo para garantir a sua.<\/p>\n<p data-start=\"1057\" data-end=\"1228\">Com o S\u00e3o Jo\u00e3o se aproximando, o Alpendre da Sertaneja chega para aquecer os cora\u00e7\u00f5es e reunir a comunidade em torno da m\u00fasica, da cultura e da divers\u00e3o t\u00edpica do per\u00edodo.<\/p>\n<p data-start=\"1230\" data-end=\"1437\"><strong data-start=\"1230\" data-end=\"1242\">Servi\u00e7o:<\/strong><br data-start=\"1242\" data-end=\"1245\" \/>\ud83d\udccd <em data-start=\"1248\" data-end=\"1256\">Local:<\/em> Em frente \u00e0 Igreja Imaculada Concei\u00e7\u00e3o<br data-start=\"1295\" data-end=\"1298\" \/>\ud83d\udd55 <em data-start=\"1301\" data-end=\"1311\">Hor\u00e1rio:<\/em> A partir das 18h<br data-start=\"1328\" data-end=\"1331\" \/>\ud83d\udcc5 <em data-start=\"1334\" data-end=\"1341\">Data:<\/em> Sexta-feira, 13 de junho<br data-start=\"1366\" data-end=\"1369\" \/>\ud83c\udfb6 <em data-start=\"1372\" data-end=\"1382\">Atra\u00e7\u00e3o:<\/em> Thierre Amilton<br data-start=\"1398\" data-end=\"1401\" \/>\ud83c\udf81 <em data-start=\"1404\" data-end=\"1437\">Bingo gratuito com 300 cartelas<\/em><\/p>\n","protected":false},"excerpt":{"rendered":"<p>A comunidade j\u00e1 est\u00e1 no clima junino e se prepara para mais uma edi\u00e7\u00e3o do Alpendre da Sertaneja, que acontece nesta sexta-feira, dia 13 de junho, a partir das 18h, em frente \u00e0 Igreja Imaculada Concei\u00e7\u00e3o. O evento promete muito forr\u00f3, alegria e intera\u00e7\u00e3o com o p\u00fablico. A anima\u00e7\u00e3o musical ficar\u00e1 por conta do cantor [&hellip;]<\/p>\n","protected":false},"author":2,"featured_media":10067,"comment_status":"open","ping_status":"open","sticky":false,"template":"","format":"standard","meta":{"footnotes":""},"categories":[3,4,5,6,7,8],"tags":[],"class_list":["post-10066","post","type-post","status-publish","format-standard","has-post-thumbnail","hentry","category-destaque","category-locais","category-noticias","category-podcasts","category-sem-categoria","category-ultimas"],"aioseo_notices":[],"_links":{"self":[{"href":"https:\/\/sertaneja95fm.com.br\/sited\/wp-json\/wp\/v2\/posts\/10066","targetHints":{"allow":["GET"]}}],"collection":[{"href":"https:\/\/sertaneja95fm.com.br\/sited\/wp-json\/wp\/v2\/posts"}],"about":[{"href":"https:\/\/sertaneja95fm.com.br\/sited\/wp-json\/wp\/v2\/types\/post"}],"author":[{"embeddable":true,"href":"https:\/\/sertaneja95fm.com.br\/sited\/wp-json\/wp\/v2\/users\/2"}],"replies":[{"embeddable":true,"href":"https:\/\/sertaneja95fm.com.br\/sited\/wp-json\/wp\/v2\/comments?post=10066"}],"version-history":[{"count":1,"href":"https:\/\/sertaneja95fm.com.br\/sited\/wp-json\/wp\/v2\/posts\/10066\/revisions"}],"predecessor-version":[{"id":10068,"href":"https:\/\/sertaneja95fm.com.br\/sited\/wp-json\/wp\/v2\/posts\/10066\/revisions\/10068"}],"wp:featuredmedia":[{"embeddable":true,"href":"https:\/\/sertaneja95fm.com.br\/sited\/wp-json\/wp\/v2\/media\/10067"}],"wp:attachment":[{"href":"https:\/\/sertaneja95fm.com.br\/sited\/wp-json\/wp\/v2\/media?parent=10066"}],"wp:term":[{"taxonomy":"category","embeddable":true,"href":"https:\/\/sertaneja95fm.com.br\/sited\/wp-json\/wp\/v2\/categories?post=10066"},{"taxonomy":"post_tag","embeddable":true,"href":"https:\/\/sertaneja95fm.com.br\/sited\/wp-json\/wp\/v2\/tags?post=10066"}],"curies":[{"name":"wp","href":"https:\/\/api.w.org\/{rel}","templated":true}]}}