{"id":10070,"date":"2025-06-16T09:32:59","date_gmt":"2025-06-16T12:32:59","guid":{"rendered":"https:\/\/sertaneja95fm.com.br\/sited\/?p=10070"},"modified":"2025-06-16T09:32:59","modified_gmt":"2025-06-16T12:32:59","slug":"entre-alertas-de-bombas-e-idas-ao-bunker-comitiva-brasileira-em-israel-recebe-treinamento-sobre-sensacao-de-seguranca","status":"publish","type":"post","link":"https:\/\/sertaneja95fm.com.br\/sited\/entre-alertas-de-bombas-e-idas-ao-bunker-comitiva-brasileira-em-israel-recebe-treinamento-sobre-sensacao-de-seguranca\/","title":{"rendered":"Entre alertas de bombas e idas ao bunker, comitiva brasileira em Israel recebe treinamento sobre \u2018sensa\u00e7\u00e3o de seguran\u00e7a\u2019"},"content":{"rendered":"<p>A comitiva de prefeitos e secret\u00e1rios brasileiros em Israel passou mais uma madrugada sob alertas de bombas e avisos de ataques em diferentes regi\u00f5es do pa\u00eds. Enquanto aguardam um momento seguro para retornar ao Brasil, os pol\u00edticos se revezam entre o bunker e os quartos do hotel, ao mesmo tempo em que assistem a aulas sobre seguran\u00e7a e ordem p\u00fablica.<\/p>\n<div class=\"mc-column content-text active-extra-styles \" data-block-type=\"unstyled\" data-block-weight=\"73\">\n<p class=\" content-text__container \" data-track-category=\"Link no Texto\" data-track-links=\"data-track-links\">No quarto dia da nova escalada de confrontos, Ir\u00e3 e Israel voltaram a trocar ataques. A imprensa iraniana noticiou uma explos\u00e3o em Teer\u00e3, enquanto o governo israelense emitiu novos alertas \u00e0 popula\u00e7\u00e3o ap\u00f3s disparos de m\u00edsseis do Ir\u00e3. Desde o in\u00edcio da ofensiva, 13 pessoas morreram em Israel e mais de 390 ficaram feridas. Do lado iraniano, os ataques registrados entre sexta-feira e s\u00e1bado deixaram ao menos 128 mortos e centenas de feridos.<\/p>\n<div class=\"mc-column content-text active-extra-styles \" data-block-type=\"unstyled\" data-block-weight=\"55\">\n<p class=\" content-text__container \" data-track-category=\"Link no Texto\" data-track-links=\"data-track-links\">Durante a madrugada, o vice-prefeito de Uberl\u00e2ndia (MG), Vanderlei Pelizer Pereira (PL), publicou em suas redes sociais v\u00eddeos dos alertas recebidos no celular e imagens do deslocamento da comitiva para o abrigo subterr\u00e2neo. Na manh\u00e3 deste domingo, no hor\u00e1rio de Bras\u00edlia, ele compartilhou o tema da palestra do dia: \u2018Sensa\u00e7\u00e3o de seguran\u00e7a e ordem p\u00fablica\u2019.<\/p>\n<p data-track-category=\"Link no Texto\" data-track-links=\"data-track-links\"><strong>Alerta recebido pelas autoridades da comitiva brasileira em Israel:<\/strong><\/p>\n<p data-track-category=\"Link no Texto\" data-track-links=\"data-track-links\"><em>\u201cAtaque de foguetes e m\u00edsseis: Tempo para chegar ao quarto protegido \u2013 Um minuto e meio. Entre no Espa\u00e7o Protegido<\/em>\u201c, diz a mensagem.<\/p>\n<div class=\"mc-column content-text active-extra-styles \" data-block-type=\"unstyled\" data-block-weight=\"38\">\n<p class=\" content-text__container \" data-track-category=\"Link no Texto\" data-track-links=\"data-track-links\">A vice-prefeita de Goi\u00e2nia, Cl\u00e1udia da Silva Lira (Avante), tamb\u00e9m publicou imagens da aula, ministrada em espanhol. Em um dos slides projetados, o palestrante aborda temas como viol\u00eancia urbana e instabilidade pol\u00edtica. \u2014 O treinamento continua \u2014 disse.<\/p>\n<\/div>\n<div class=\"mc-column content-text active-extra-styles \" data-block-type=\"unstyled\" data-block-weight=\"76\">\n<p class=\" content-text__container \" data-track-category=\"Link no Texto\" data-track-links=\"data-track-links\">J\u00e1 o prefeito de Belo Horizonte, \u00c1lvaro Dami\u00e3o Vieira da Paz (Uni\u00e3o Brasil), relatou a tens\u00e3o da madrugada. \u2014 \u00c9 assim que se madruga por aqui \u2014 escreveu, ao mostrar um dos alertas de emerg\u00eancia. Em outro v\u00eddeo, publicado \u00e0s 3h15 no hor\u00e1rio local, ele aparece deixando o bunker. \u2014 Parece que vencemos mais uma noite aqui em Israel. J\u00e1 \u00e9 madrugada de domingo. Acredito que agora a gente possa dormir com mais tranquilidade \u2014 afirmou.<\/p>\n<\/div>\n<div class=\"mc-column content-text active-extra-styles \" data-block-type=\"unstyled\" data-block-weight=\"31\">\n<p class=\" content-text__container \" data-track-category=\"Link no Texto\" data-track-links=\"data-track-links\">Neste s\u00e1bado, o Itamaraty informou que avalia retirar a comitiva de autoridades municipais e estaduais brasileiras em Israel por terra at\u00e9 a Jord\u00e2nia, de onde seguiriam para o Brasil.<\/p>\n<div class=\"mc-column content-text active-extra-styles \" data-block-type=\"unstyled\" data-block-weight=\"46\">\n<p class=\" content-text__container \" data-track-category=\"Link no Texto\" data-track-links=\"data-track-links\">Em nota, o Itamaraty afirmou que \u201ctomou conhecimento da presen\u00e7a de duas comitivas de autoridades estaduais e municipais do Pa\u00eds em Israel, a convite do governo local, no momento do in\u00edcio das hostilidades em curso, com o ataque israelense ao Ir\u00e3, na noite de quinta-feira, 12\/6\u201d.<\/p>\n<\/div>\n<div class=\"mc-column content-text active-extra-styles \" data-block-type=\"unstyled\" data-block-weight=\"59\">\n<p class=\" content-text__container \" data-track-category=\"Link no Texto\" data-track-links=\"data-track-links\">\u201cA embaixada do Brasil em Tel Aviv est\u00e1 em contato com as delega\u00e7\u00f5es brasileiras e o Minist\u00e9rio das Rela\u00e7\u00f5es Exteriores fez gest\u00e3o junto ao Minist\u00e9rio de Rela\u00e7\u00f5es Exteriores de Israel para que ambos os grupos tenham garantias de seguran\u00e7a e possam retornar ao Brasil assim que as condi\u00e7\u00f5es naquele pa\u00eds permitirem\u201d, diz o Minist\u00e9rio das Rela\u00e7\u00f5es Exteriores do Brasil.<\/p>\n<\/div>\n<div class=\"mc-column content-text active-extra-styles \" data-block-type=\"unstyled\" data-block-weight=\"60\">\n<p class=\" content-text__container \" data-track-category=\"Link no Texto\" data-track-links=\"data-track-links\">\u201cO secret\u00e1rio de \u00c1frica e Oriente M\u00e9dio manteve contato telef\u00f4nico com seu hom\u00f3logo da chancelaria israelense, ocasi\u00e3o em que pediu tratamento priorit\u00e1rio \u00e0 sa\u00edda em seguran\u00e7a das delega\u00e7\u00f5es brasileiras. At\u00e9 o momento, autoridades israelenses t\u00eam aconselhado as comitivas estrangeiras a permanecerem no pa\u00eds, at\u00e9 que as condi\u00e7\u00f5es permitam qualquer deslocamento desses grupos por via a\u00e9rea ou terrestre\u201d, segue o documento.<\/p>\n<\/div>\n<div data-track-category=\"multicontent\" data-track-action=\"ultimo chunk conteudo\" data-track-noninteraction=\"false\" data-track-scroll=\"view\">\n<div class=\"mc-column content-text active-extra-styles \" data-block-type=\"unstyled\" data-block-weight=\"43\">\n<p class=\" content-text__container \" data-track-category=\"Link no Texto\" data-track-links=\"data-track-links\">O ministro Mauro Vieria, das Rela\u00e7\u00f5es Exteriores, contatou hoje com seu hom\u00f3logo da Jord\u00e2nia, Ayman Safadi, \u201ccom o objetivo de abrir uma alternativa de evacua\u00e7\u00e3o por aquele pa\u00eds, quando as condi\u00e7\u00f5es de seguran\u00e7a em Israel permitam um deslocamento por terra at\u00e9 a fronteira\u201d.<\/p>\n<p data-track-category=\"Link no Texto\" data-track-links=\"data-track-links\"><strong>O Globo<\/strong><\/p>\n<p data-track-category=\"Link no Texto\" data-track-links=\"data-track-links\"><em>Foto: Reprodu\u00e7\u00e3o<\/em><\/p>\n<\/div>\n<\/div>\n<\/div>\n<\/div>\n<\/div>\n","protected":false},"excerpt":{"rendered":"<p>A comitiva de prefeitos e secret\u00e1rios brasileiros em Israel passou mais uma madrugada sob alertas de bombas e avisos de ataques em diferentes regi\u00f5es do pa\u00eds. Enquanto aguardam um momento seguro para retornar ao Brasil, os pol\u00edticos se revezam entre o bunker e os quartos do hotel, ao mesmo tempo em que assistem a aulas [&hellip;]<\/p>\n","protected":false},"author":2,"featured_media":10071,"comment_status":"open","ping_status":"open","sticky":false,"template":"","format":"standard","meta":{"footnotes":""},"categories":[3,4,5,6,7,8,1],"tags":[],"class_list":["post-10070","post","type-post","status-publish","format-standard","has-post-thumbnail","hentry","category-destaque","category-locais","category-noticias","category-podcasts","category-sem-categoria","category-ultimas","category-uncategorized"],"aioseo_notices":[],"_links":{"self":[{"href":"https:\/\/sertaneja95fm.com.br\/sited\/wp-json\/wp\/v2\/posts\/10070","targetHints":{"allow":["GET"]}}],"collection":[{"href":"https:\/\/sertaneja95fm.com.br\/sited\/wp-json\/wp\/v2\/posts"}],"about":[{"href":"https:\/\/sertaneja95fm.com.br\/sited\/wp-json\/wp\/v2\/types\/post"}],"author":[{"embeddable":true,"href":"https:\/\/sertaneja95fm.com.br\/sited\/wp-json\/wp\/v2\/users\/2"}],"replies":[{"embeddable":true,"href":"https:\/\/sertaneja95fm.com.br\/sited\/wp-json\/wp\/v2\/comments?post=10070"}],"version-history":[{"count":1,"href":"https:\/\/sertaneja95fm.com.br\/sited\/wp-json\/wp\/v2\/posts\/10070\/revisions"}],"predecessor-version":[{"id":10072,"href":"https:\/\/sertaneja95fm.com.br\/sited\/wp-json\/wp\/v2\/posts\/10070\/revisions\/10072"}],"wp:featuredmedia":[{"embeddable":true,"href":"https:\/\/sertaneja95fm.com.br\/sited\/wp-json\/wp\/v2\/media\/10071"}],"wp:attachment":[{"href":"https:\/\/sertaneja95fm.com.br\/sited\/wp-json\/wp\/v2\/media?parent=10070"}],"wp:term":[{"taxonomy":"category","embeddable":true,"href":"https:\/\/sertaneja95fm.com.br\/sited\/wp-json\/wp\/v2\/categories?post=10070"},{"taxonomy":"post_tag","embeddable":true,"href":"https:\/\/sertaneja95fm.com.br\/sited\/wp-json\/wp\/v2\/tags?post=10070"}],"curies":[{"name":"wp","href":"https:\/\/api.w.org\/{rel}","templated":true}]}}