{"id":10082,"date":"2025-07-15T15:03:17","date_gmt":"2025-07-15T18:03:17","guid":{"rendered":"https:\/\/sertaneja95fm.com.br\/sited\/?p=10082"},"modified":"2025-07-15T15:03:17","modified_gmt":"2025-07-15T18:03:17","slug":"transito-no-centro-de-currais-novos-sofre-alteracoes-para-montagem-da-feirinha-de-santana","status":"publish","type":"post","link":"https:\/\/sertaneja95fm.com.br\/sited\/transito-no-centro-de-currais-novos-sofre-alteracoes-para-montagem-da-feirinha-de-santana\/","title":{"rendered":"Tr\u00e2nsito no Centro de Currais Novos sofre altera\u00e7\u00f5es para montagem da Feirinha de Sant\u2019Ana"},"content":{"rendered":"<p data-start=\"180\" data-end=\"463\">A Secretaria Municipal de Tr\u00e2nsito e Transporte informa que, a partir desta ter\u00e7a-feira (15), algumas vias do centro de Currais Novos estar\u00e3o temporariamente isoladas devido \u00e0 montagem da estrutura da tradicional Feirinha de Sant\u2019Ana, a pedido da C\u00e2mara de Dirigentes Lojistas (CDL).<\/p>\n<p data-start=\"465\" data-end=\"490\">\ud83d\udd12 <strong data-start=\"468\" data-end=\"490\">Vias interditadas:<\/strong><\/p>\n<ul data-start=\"491\" data-end=\"695\">\n<li data-start=\"491\" data-end=\"581\">\n<p data-start=\"493\" data-end=\"581\"><strong data-start=\"493\" data-end=\"522\">Avenida Cel. Jos\u00e9 Bezerra<\/strong> \u2013 trecho entre o Coreto Guarani e o Centro Administrativo.<\/p>\n<\/li>\n<li data-start=\"582\" data-end=\"695\">\n<p data-start=\"584\" data-end=\"695\"><strong data-start=\"584\" data-end=\"602\">Rua Lula Gomes<\/strong> \u2013 do trecho em frente \u00e0 Delegacia de Pol\u00edcia Civil at\u00e9 o cruzamento com a Rua Mois\u00e9s Galv\u00e3o.<\/p>\n<\/li>\n<\/ul>\n<p data-start=\"697\" data-end=\"747\">\ud83d\ude97 <strong data-start=\"700\" data-end=\"747\">Vias alternativas liberadas para o tr\u00e1fego:<\/strong><\/p>\n<ul data-start=\"748\" data-end=\"818\">\n<li data-start=\"748\" data-end=\"777\">\n<p data-start=\"750\" data-end=\"777\">Rua Juventino da Silveira<\/p>\n<\/li>\n<li data-start=\"778\" data-end=\"799\">\n<p data-start=\"780\" data-end=\"799\">Rua Mois\u00e9s Galv\u00e3o<\/p>\n<\/li>\n<li data-start=\"800\" data-end=\"818\">\n<p data-start=\"802\" data-end=\"818\">Rua Jo\u00e3o Alfredo<\/p>\n<\/li>\n<\/ul>\n<p data-start=\"820\" data-end=\"1119\">A Prefeitura de Currais Novos pede a compreens\u00e3o de todos os motoristas, pedestres e moradores da regi\u00e3o central. Os bloqueios s\u00e3o fundamentais para garantir a seguran\u00e7a durante os preparativos de um dos eventos mais importantes do calend\u00e1rio cultural e religioso da cidade: a <strong data-start=\"1097\" data-end=\"1118\">Festa de Sant\u2019Ana<\/strong>.<\/p>\n<p data-start=\"1121\" data-end=\"1188\">\ud83d\ude4f A colabora\u00e7\u00e3o da popula\u00e7\u00e3o \u00e9 essencial para o sucesso do evento.<\/p>\n","protected":false},"excerpt":{"rendered":"<p>A Secretaria Municipal de Tr\u00e2nsito e Transporte informa que, a partir desta ter\u00e7a-feira (15), algumas vias do centro de Currais Novos estar\u00e3o temporariamente isoladas devido \u00e0 montagem da estrutura da tradicional Feirinha de Sant\u2019Ana, a pedido da C\u00e2mara de Dirigentes Lojistas (CDL). \ud83d\udd12 Vias interditadas: Avenida Cel. Jos\u00e9 Bezerra \u2013 trecho entre o Coreto Guarani [&hellip;]<\/p>\n","protected":false},"author":2,"featured_media":10083,"comment_status":"open","ping_status":"open","sticky":false,"template":"","format":"standard","meta":{"footnotes":""},"categories":[3,4,5,6,7,8,1],"tags":[],"class_list":["post-10082","post","type-post","status-publish","format-standard","has-post-thumbnail","hentry","category-destaque","category-locais","category-noticias","category-podcasts","category-sem-categoria","category-ultimas","category-uncategorized"],"aioseo_notices":[],"_links":{"self":[{"href":"https:\/\/sertaneja95fm.com.br\/sited\/wp-json\/wp\/v2\/posts\/10082","targetHints":{"allow":["GET"]}}],"collection":[{"href":"https:\/\/sertaneja95fm.com.br\/sited\/wp-json\/wp\/v2\/posts"}],"about":[{"href":"https:\/\/sertaneja95fm.com.br\/sited\/wp-json\/wp\/v2\/types\/post"}],"author":[{"embeddable":true,"href":"https:\/\/sertaneja95fm.com.br\/sited\/wp-json\/wp\/v2\/users\/2"}],"replies":[{"embeddable":true,"href":"https:\/\/sertaneja95fm.com.br\/sited\/wp-json\/wp\/v2\/comments?post=10082"}],"version-history":[{"count":1,"href":"https:\/\/sertaneja95fm.com.br\/sited\/wp-json\/wp\/v2\/posts\/10082\/revisions"}],"predecessor-version":[{"id":10084,"href":"https:\/\/sertaneja95fm.com.br\/sited\/wp-json\/wp\/v2\/posts\/10082\/revisions\/10084"}],"wp:featuredmedia":[{"embeddable":true,"href":"https:\/\/sertaneja95fm.com.br\/sited\/wp-json\/wp\/v2\/media\/10083"}],"wp:attachment":[{"href":"https:\/\/sertaneja95fm.com.br\/sited\/wp-json\/wp\/v2\/media?parent=10082"}],"wp:term":[{"taxonomy":"category","embeddable":true,"href":"https:\/\/sertaneja95fm.com.br\/sited\/wp-json\/wp\/v2\/categories?post=10082"},{"taxonomy":"post_tag","embeddable":true,"href":"https:\/\/sertaneja95fm.com.br\/sited\/wp-json\/wp\/v2\/tags?post=10082"}],"curies":[{"name":"wp","href":"https:\/\/api.w.org\/{rel}","templated":true}]}}