{"id":10085,"date":"2025-07-15T15:24:37","date_gmt":"2025-07-15T18:24:37","guid":{"rendered":"https:\/\/sertaneja95fm.com.br\/sited\/?p=10085"},"modified":"2025-07-15T15:24:37","modified_gmt":"2025-07-15T18:24:37","slug":"tivemos-a-vaquejada-que-merecemos-diz-vice-prefeita-de-currais-novos","status":"publish","type":"post","link":"https:\/\/sertaneja95fm.com.br\/sited\/tivemos-a-vaquejada-que-merecemos-diz-vice-prefeita-de-currais-novos\/","title":{"rendered":"\u201cTivemos a vaquejada que merecemos\u201d, diz vice-prefeita de Currais Novos"},"content":{"rendered":"<p>Durante a tradicional Festa do Agricultor, a vice-prefeita de Currais Novos, Milena Galv\u00e3o, destacou com entusiasmo o sucesso da vaquejada realizada no munic\u00edpio. \u201cTivemos a vaquejada que merec\u00edamos. Currais Novos \u00e9 o ber\u00e7o da vaquejada, \u00e9 uma tradi\u00e7\u00e3o nossa e o nosso povo gosta\u201d, afirmou.<\/p>\n<p>O evento foi marcado por grande participa\u00e7\u00e3o popular, movimentando a economia local e refor\u00e7ando a import\u00e2ncia cultural da vaquejada para a cidade e regi\u00e3o. Segundo Milena, o evento foi um verdadeiro exemplo de uni\u00e3o com prefeitura e o deputado Ezequiel. \u201cUma vaquejada de m\u00e3os dadas \u00e9 sucesso absoluto\u201d, destacou ela. A vice-prefeita tamb\u00e9m fez quest\u00e3o de parabenizar a organiza\u00e7\u00e3o da festa, ressaltando o profissionalismo e o empenho de todos os envolvidos. \u201cA organiza\u00e7\u00e3o elevou a nossa vaquejada a um novo patamar.<\/p>\n","protected":false},"excerpt":{"rendered":"<p>Durante a tradicional Festa do Agricultor, a vice-prefeita de Currais Novos, Milena Galv\u00e3o, destacou com entusiasmo o sucesso da vaquejada realizada no munic\u00edpio. \u201cTivemos a vaquejada que merec\u00edamos. Currais Novos \u00e9 o ber\u00e7o da vaquejada, \u00e9 uma tradi\u00e7\u00e3o nossa e o nosso povo gosta\u201d, afirmou. O evento foi marcado por grande participa\u00e7\u00e3o popular, movimentando a [&hellip;]<\/p>\n","protected":false},"author":2,"featured_media":10086,"comment_status":"open","ping_status":"open","sticky":false,"template":"","format":"standard","meta":{"footnotes":""},"categories":[3,4,5,6,7],"tags":[],"class_list":["post-10085","post","type-post","status-publish","format-standard","has-post-thumbnail","hentry","category-destaque","category-locais","category-noticias","category-podcasts","category-sem-categoria"],"aioseo_notices":[],"_links":{"self":[{"href":"https:\/\/sertaneja95fm.com.br\/sited\/wp-json\/wp\/v2\/posts\/10085","targetHints":{"allow":["GET"]}}],"collection":[{"href":"https:\/\/sertaneja95fm.com.br\/sited\/wp-json\/wp\/v2\/posts"}],"about":[{"href":"https:\/\/sertaneja95fm.com.br\/sited\/wp-json\/wp\/v2\/types\/post"}],"author":[{"embeddable":true,"href":"https:\/\/sertaneja95fm.com.br\/sited\/wp-json\/wp\/v2\/users\/2"}],"replies":[{"embeddable":true,"href":"https:\/\/sertaneja95fm.com.br\/sited\/wp-json\/wp\/v2\/comments?post=10085"}],"version-history":[{"count":1,"href":"https:\/\/sertaneja95fm.com.br\/sited\/wp-json\/wp\/v2\/posts\/10085\/revisions"}],"predecessor-version":[{"id":10087,"href":"https:\/\/sertaneja95fm.com.br\/sited\/wp-json\/wp\/v2\/posts\/10085\/revisions\/10087"}],"wp:featuredmedia":[{"embeddable":true,"href":"https:\/\/sertaneja95fm.com.br\/sited\/wp-json\/wp\/v2\/media\/10086"}],"wp:attachment":[{"href":"https:\/\/sertaneja95fm.com.br\/sited\/wp-json\/wp\/v2\/media?parent=10085"}],"wp:term":[{"taxonomy":"category","embeddable":true,"href":"https:\/\/sertaneja95fm.com.br\/sited\/wp-json\/wp\/v2\/categories?post=10085"},{"taxonomy":"post_tag","embeddable":true,"href":"https:\/\/sertaneja95fm.com.br\/sited\/wp-json\/wp\/v2\/tags?post=10085"}],"curies":[{"name":"wp","href":"https:\/\/api.w.org\/{rel}","templated":true}]}}