{"id":10088,"date":"2025-07-15T15:25:56","date_gmt":"2025-07-15T18:25:56","guid":{"rendered":"https:\/\/sertaneja95fm.com.br\/sited\/?p=10088"},"modified":"2025-07-15T15:25:56","modified_gmt":"2025-07-15T18:25:56","slug":"currais-novos-tera-atendimento-ortopedico-a-partir-de-agosto-projeto-de-hospital-municipal-24-horas-esta-em-andamento","status":"publish","type":"post","link":"https:\/\/sertaneja95fm.com.br\/sited\/currais-novos-tera-atendimento-ortopedico-a-partir-de-agosto-projeto-de-hospital-municipal-24-horas-esta-em-andamento\/","title":{"rendered":"Currais Novos ter\u00e1 atendimento ortop\u00e9dico a partir de agosto; projeto de hospital municipal 24 horas est\u00e1 em andamento"},"content":{"rendered":"<p>Durante entrevista ao\u00a0<em>Jornal 95<\/em>, da Sertaneja FM, o prefeito de Currais Novos, Lucas Galv\u00e3o, anunciou que a partir de agosto o munic\u00edpio contar\u00e1 com atendimento ortop\u00e9dico 24 horas, funcionando na estrutura da atual UPA (Unidade de Pronto Atendimento). A medida representa um importante refor\u00e7o na rede de sa\u00fade do munic\u00edpio.<\/p>\n<p>Al\u00e9m da novidade, o prefeito tamb\u00e9m revelou que est\u00e1 em andamento o projeto para a implanta\u00e7\u00e3o de um hospital municipal 24 horas. Segundo ele, a proposta est\u00e1 sendo cuidadosamente estruturada para garantir um atendimento mais amplo e permanente \u00e0 popula\u00e7\u00e3o.<\/p>\n<div class=\"google-auto-placed ap_container\"><ins class=\"adsbygoogle adsbygoogle-noablate\" data-ad-format=\"auto\" data-ad-client=\"ca-pub-9585653060841533\" data-adsbygoogle-status=\"done\" data-ad-status=\"unfilled\"><\/p>\n<div id=\"aswift_2_host\"><iframe loading=\"lazy\" id=\"aswift_2\" tabindex=\"0\" title=\"Advertisement\" src=\"https:\/\/googleads.g.doubleclick.net\/pagead\/ads?client=ca-pub-9585653060841533&amp;output=html&amp;h=280&amp;adk=91146109&amp;adf=1983482916&amp;pi=t.aa~a.616717990~i.3~rp.4&amp;w=730&amp;abgtt=7&amp;fwrn=4&amp;fwrnh=100&amp;lmt=1752603904&amp;num_ads=1&amp;rafmt=1&amp;armr=3&amp;sem=mc&amp;pwprc=4247143450&amp;ad_type=text_image&amp;format=730x280&amp;url=https%3A%2F%2Fblogdorai.com.br%2Fcurrais-novos-tera-atendimento-ortopedico-a-partir-de-agosto-projeto-de-hospital-municipal-24-horas-esta-em-andamento%2F&amp;host=ca-host-pub-2644536267352236&amp;fwr=0&amp;pra=3&amp;rh=183&amp;rw=730&amp;rpe=1&amp;resp_fmts=3&amp;wgl=1&amp;fa=27&amp;uach=WyJXaW5kb3dzIiwiMTAuMC4wIiwieDg2IiwiIiwiMTM3LjAuNzE1MS4xMjIiLG51bGwsMCxudWxsLCI2NCIsW1siR29vZ2xlIENocm9tZSIsIjEzNy4wLjcxNTEuMTIyIl0sWyJDaHJvbWl1bSIsIjEzNy4wLjcxNTEuMTIyIl0sWyJOb3QvQSlCcmFuZCIsIjI0LjAuMC4wIl1dLDBd&amp;dt=1752603904555&amp;bpp=1&amp;bdt=1063&amp;idt=1&amp;shv=r20250714&amp;mjsv=m202507140101&amp;ptt=9&amp;saldr=aa&amp;abxe=1&amp;cookie=ID%3De7c982e4b9aa2582%3AT%3D1750094399%3ART%3D1752603898%3AS%3DALNI_MZzrP2rvVGQhIgcB3bW8vqYYbKccQ&amp;gpic=UID%3D000010d440034459%3AT%3D1750094399%3ART%3D1752603898%3AS%3DALNI_Mb6hDbycXxcj8TiQYrZlh-Prco4Rw&amp;eo_id_str=ID%3Dec845b06f2104a25%3AT%3D1750094399%3ART%3D1752603898%3AS%3DAA-AfjYr7ty-5ElPtV46LI6Q4e2n&amp;prev_fmts=0x0%2C1080x280&amp;nras=3&amp;correlator=1965883546890&amp;frm=20&amp;pv=1&amp;u_tz=-180&amp;u_his=7&amp;u_h=900&amp;u_w=1600&amp;u_ah=860&amp;u_aw=1600&amp;u_cd=24&amp;u_sd=0.9&amp;dmc=4&amp;adx=516&amp;ady=1834&amp;biw=1761&amp;bih=803&amp;scr_x=0&amp;scr_y=333&amp;eid=31093426%2C95331832%2C95353387%2C95362656%2C95363800%2C95365461%2C95365881%2C95366346%2C31093448%2C95352052%2C95359265%2C95366365&amp;oid=2&amp;pvsid=2566075111129296&amp;tmod=1706217196&amp;uas=0&amp;nvt=1&amp;ref=https%3A%2F%2Fblogdorai.com.br%2F&amp;fc=1408&amp;brdim=-8%2C15%2C-8%2C15%2C1600%2C0%2C1616%2C852%2C1777%2C803&amp;vis=1&amp;rsz=%7C%7Cs%7C&amp;abl=NS&amp;fu=128&amp;bc=31&amp;bz=0.91&amp;td=1&amp;tdf=2&amp;psd=W251bGwsbnVsbCxudWxsLDNd&amp;nt=1&amp;pgls=CAEaBTYuOC4x~CAEQBBoHMS4xNTcuMA..&amp;ifi=3&amp;uci=a!3&amp;btvi=1&amp;fsb=1&amp;dtd=6\" name=\"aswift_2\" width=\"730\" height=\"0\" frameborder=\"0\" marginwidth=\"0\" marginheight=\"0\" scrolling=\"no\" sandbox=\"allow-forms allow-popups allow-popups-to-escape-sandbox allow-same-origin allow-scripts allow-top-navigation-by-user-activation\" data-google-container-id=\"a!3\" aria-label=\"Advertisement\" data-load-complete=\"true\" data-google-query-id=\"CMa8rKm-v44DFTxb3QIdOtkOhg\" data-mce-fragment=\"1\"><\/iframe><\/div>\n<p><\/ins><\/div>\n<p>A gest\u00e3o municipal tamb\u00e9m avalia a possibilidade de incluir atendimento pedi\u00e1trico entre os novos servi\u00e7os a serem ofertados na unidade.<\/p>\n<p>\u201cEstamos trabalhando com seriedade para melhorar cada vez mais a sa\u00fade do nosso povo. O atendimento ortop\u00e9dico 24 horas j\u00e1 come\u00e7a em agosto, e seguimos avan\u00e7ando com o projeto do hospital municipal, que ser\u00e1 uma conquista hist\u00f3rica para Currais Novos\u201d, afirmou Lucas Galv\u00e3o.<\/p>\n<p>O conjunto das a\u00e7\u00f5es faz parte do compromisso da atual gest\u00e3o em fortalecer o sistema p\u00fablico de sa\u00fade e oferecer mais qualidade no atendimento \u00e0 popula\u00e7\u00e3o.<\/p>\n","protected":false},"excerpt":{"rendered":"<p>Durante entrevista ao\u00a0Jornal 95, da Sertaneja FM, o prefeito de Currais Novos, Lucas Galv\u00e3o, anunciou que a partir de agosto o munic\u00edpio contar\u00e1 com atendimento ortop\u00e9dico 24 horas, funcionando na estrutura da atual UPA (Unidade de Pronto Atendimento). A medida representa um importante refor\u00e7o na rede de sa\u00fade do munic\u00edpio. Al\u00e9m da novidade, o prefeito [&hellip;]<\/p>\n","protected":false},"author":2,"featured_media":10089,"comment_status":"open","ping_status":"open","sticky":false,"template":"","format":"standard","meta":{"footnotes":""},"categories":[9,3,4,5,6,7,8,1],"tags":[],"class_list":["post-10088","post","type-post","status-publish","format-standard","has-post-thumbnail","hentry","category-9","category-destaque","category-locais","category-noticias","category-podcasts","category-sem-categoria","category-ultimas","category-uncategorized"],"aioseo_notices":[],"_links":{"self":[{"href":"https:\/\/sertaneja95fm.com.br\/sited\/wp-json\/wp\/v2\/posts\/10088","targetHints":{"allow":["GET"]}}],"collection":[{"href":"https:\/\/sertaneja95fm.com.br\/sited\/wp-json\/wp\/v2\/posts"}],"about":[{"href":"https:\/\/sertaneja95fm.com.br\/sited\/wp-json\/wp\/v2\/types\/post"}],"author":[{"embeddable":true,"href":"https:\/\/sertaneja95fm.com.br\/sited\/wp-json\/wp\/v2\/users\/2"}],"replies":[{"embeddable":true,"href":"https:\/\/sertaneja95fm.com.br\/sited\/wp-json\/wp\/v2\/comments?post=10088"}],"version-history":[{"count":1,"href":"https:\/\/sertaneja95fm.com.br\/sited\/wp-json\/wp\/v2\/posts\/10088\/revisions"}],"predecessor-version":[{"id":10090,"href":"https:\/\/sertaneja95fm.com.br\/sited\/wp-json\/wp\/v2\/posts\/10088\/revisions\/10090"}],"wp:featuredmedia":[{"embeddable":true,"href":"https:\/\/sertaneja95fm.com.br\/sited\/wp-json\/wp\/v2\/media\/10089"}],"wp:attachment":[{"href":"https:\/\/sertaneja95fm.com.br\/sited\/wp-json\/wp\/v2\/media?parent=10088"}],"wp:term":[{"taxonomy":"category","embeddable":true,"href":"https:\/\/sertaneja95fm.com.br\/sited\/wp-json\/wp\/v2\/categories?post=10088"},{"taxonomy":"post_tag","embeddable":true,"href":"https:\/\/sertaneja95fm.com.br\/sited\/wp-json\/wp\/v2\/tags?post=10088"}],"curies":[{"name":"wp","href":"https:\/\/api.w.org\/{rel}","templated":true}]}}