{"id":10092,"date":"2025-08-04T14:05:43","date_gmt":"2025-08-04T17:05:43","guid":{"rendered":"https:\/\/sertaneja95fm.com.br\/sited\/?p=10092"},"modified":"2025-08-04T14:05:43","modified_gmt":"2025-08-04T17:05:43","slug":"homicidio-no-centro-morte-de-fedegoso-gera-revolta-policia-militar-prende-suspeito","status":"publish","type":"post","link":"https:\/\/sertaneja95fm.com.br\/sited\/homicidio-no-centro-morte-de-fedegoso-gera-revolta-policia-militar-prende-suspeito\/","title":{"rendered":"Homic\u00eddio no centro: morte de \u2018Fedegoso\u2019 gera revolta; pol\u00edcia militar prende suspeito"},"content":{"rendered":"<p>A Pol\u00edcia Militar prendeu, na manh\u00e3 desta segunda-feira (4), o principal suspeito de ter assassinado a facadas um homem conhecido como \u201cFedegoso\u201d. O crime ocorreu na noite de domingo (3), por volta das 23h, na rua F\u00e9lix Segundo, no centro de Currais Novos, no Serid\u00f3 potiguar.<\/p>\n<p>A v\u00edtima, que era conhecida por recolher latinhas em bares e festas da cidade, chegou a ser socorrida e levada ao Hospital Regional, mas n\u00e3o resistiu aos ferimentos. O caso causou grande como\u00e7\u00e3o entre os moradores da regi\u00e3o.<\/p>\n<p>Ap\u00f3s receber informa\u00e7\u00f5es e realizar dilig\u00eancias, a Pol\u00edcia Militar localizou e prendeu o suspeito. Ele foi conduzido \u00e0 Delegacia de Pol\u00edcia Civil, onde ser\u00e1 ouvido e permanecer\u00e1 \u00e0 disposi\u00e7\u00e3o da Justi\u00e7a. A motiva\u00e7\u00e3o do crime ainda est\u00e1 sendo investigada.<\/p>\n<p><strong>Foto: Jardiel da S\u00e9rie<\/strong><\/p>\n","protected":false},"excerpt":{"rendered":"<p>A Pol\u00edcia Militar prendeu, na manh\u00e3 desta segunda-feira (4), o principal suspeito de ter assassinado a facadas um homem conhecido como \u201cFedegoso\u201d. O crime ocorreu na noite de domingo (3), por volta das 23h, na rua F\u00e9lix Segundo, no centro de Currais Novos, no Serid\u00f3 potiguar. A v\u00edtima, que era conhecida por recolher latinhas em [&hellip;]<\/p>\n","protected":false},"author":2,"featured_media":10093,"comment_status":"open","ping_status":"open","sticky":false,"template":"","format":"standard","meta":{"footnotes":""},"categories":[4,5,6,7,8,1],"tags":[],"class_list":["post-10092","post","type-post","status-publish","format-standard","has-post-thumbnail","hentry","category-locais","category-noticias","category-podcasts","category-sem-categoria","category-ultimas","category-uncategorized"],"aioseo_notices":[],"_links":{"self":[{"href":"https:\/\/sertaneja95fm.com.br\/sited\/wp-json\/wp\/v2\/posts\/10092","targetHints":{"allow":["GET"]}}],"collection":[{"href":"https:\/\/sertaneja95fm.com.br\/sited\/wp-json\/wp\/v2\/posts"}],"about":[{"href":"https:\/\/sertaneja95fm.com.br\/sited\/wp-json\/wp\/v2\/types\/post"}],"author":[{"embeddable":true,"href":"https:\/\/sertaneja95fm.com.br\/sited\/wp-json\/wp\/v2\/users\/2"}],"replies":[{"embeddable":true,"href":"https:\/\/sertaneja95fm.com.br\/sited\/wp-json\/wp\/v2\/comments?post=10092"}],"version-history":[{"count":1,"href":"https:\/\/sertaneja95fm.com.br\/sited\/wp-json\/wp\/v2\/posts\/10092\/revisions"}],"predecessor-version":[{"id":10094,"href":"https:\/\/sertaneja95fm.com.br\/sited\/wp-json\/wp\/v2\/posts\/10092\/revisions\/10094"}],"wp:featuredmedia":[{"embeddable":true,"href":"https:\/\/sertaneja95fm.com.br\/sited\/wp-json\/wp\/v2\/media\/10093"}],"wp:attachment":[{"href":"https:\/\/sertaneja95fm.com.br\/sited\/wp-json\/wp\/v2\/media?parent=10092"}],"wp:term":[{"taxonomy":"category","embeddable":true,"href":"https:\/\/sertaneja95fm.com.br\/sited\/wp-json\/wp\/v2\/categories?post=10092"},{"taxonomy":"post_tag","embeddable":true,"href":"https:\/\/sertaneja95fm.com.br\/sited\/wp-json\/wp\/v2\/tags?post=10092"}],"curies":[{"name":"wp","href":"https:\/\/api.w.org\/{rel}","templated":true}]}}