{"id":10102,"date":"2025-08-18T15:16:50","date_gmt":"2025-08-18T18:16:50","guid":{"rendered":"https:\/\/sertaneja95fm.com.br\/sited\/?p=10102"},"modified":"2025-08-18T15:16:50","modified_gmt":"2025-08-18T18:16:50","slug":"medica-e-candidata-a-prefeita-assume-gravacao-de-video-que-mostra-agressao-de-pm-a-paciente-com-deficiencia-em-santana-do-serido","status":"publish","type":"post","link":"https:\/\/sertaneja95fm.com.br\/sited\/medica-e-candidata-a-prefeita-assume-gravacao-de-video-que-mostra-agressao-de-pm-a-paciente-com-deficiencia-em-santana-do-serido\/","title":{"rendered":"M\u00e9dica e candidata a prefeita assume grava\u00e7\u00e3o de v\u00eddeo que mostra agress\u00e3o de PM a paciente com defici\u00eancia em Santana do Serid\u00f3"},"content":{"rendered":"<p>A ex-candidata a prefeita e m\u00e9dica Emanuella Renata confirmou ter sido a respons\u00e1vel pela grava\u00e7\u00e3o do v\u00eddeo que mostra um policial militar desferindo um soco contra um acompanhante de paciente em um hospital de Santana do Serid\u00f3. De acordo com informa\u00e7\u00f5es, o paciente, identificado como Z\u00e9 Paulo, possui doen\u00e7a mental, enquanto a Pol\u00edcia Militar afirma que a a\u00e7\u00e3o foi necess\u00e1ria para conter a f\u00faria do homem, que teria quebrado cadeiras e amea\u00e7ado funcion\u00e1rias antes da chegada dos policiais.<\/p>\n<p>Em v\u00eddeo publicado nas redes sociais, Emanuella destacou a motiva\u00e7\u00e3o para registrar o epis\u00f3dio e criticou a conduta do policial: \u201cComo m\u00e3e, ver aquela agress\u00e3o me feriu profundamente. Quem estava gravando a agress\u00e3o fui eu, porque temia que as imagens do hospital n\u00e3o fossem utilizadas como prova. N\u00e3o justifica o ato de agressividade. Todo mundo conhece Z\u00e9 Paulo e sabe que ele \u00e9 um paciente que faz uso de medica\u00e7\u00e3o e \u00e9 acompanhado por psiquiatra. Foi uma tremenda covardia, um abuso\u201d, disse.<\/p>\n<p>A m\u00e9dica afirmou ainda que acionar\u00e1 sua equipe jur\u00eddica para adotar medidas legais e ressaltou que n\u00e3o se calar\u00e1 diante da situa\u00e7\u00e3o. Ela destacou que a fam\u00edlia do paciente sofre hostiliza\u00e7\u00e3o por serem pobres, humildes e negros, e concluiu: \u201cIsso n\u00e3o vai passar, porque eu n\u00e3o preciso temer. N\u00e3o irei me calar e isso n\u00e3o vai ficar impune\u201d.<\/p>\n","protected":false},"excerpt":{"rendered":"<p>A ex-candidata a prefeita e m\u00e9dica Emanuella Renata confirmou ter sido a respons\u00e1vel pela grava\u00e7\u00e3o do v\u00eddeo que mostra um policial militar desferindo um soco contra um acompanhante de paciente em um hospital de Santana do Serid\u00f3. De acordo com informa\u00e7\u00f5es, o paciente, identificado como Z\u00e9 Paulo, possui doen\u00e7a mental, enquanto a Pol\u00edcia Militar afirma [&hellip;]<\/p>\n","protected":false},"author":2,"featured_media":10103,"comment_status":"open","ping_status":"open","sticky":false,"template":"","format":"standard","meta":{"footnotes":""},"categories":[3,4,5,6,7,8],"tags":[],"class_list":["post-10102","post","type-post","status-publish","format-standard","has-post-thumbnail","hentry","category-destaque","category-locais","category-noticias","category-podcasts","category-sem-categoria","category-ultimas"],"aioseo_notices":[],"_links":{"self":[{"href":"https:\/\/sertaneja95fm.com.br\/sited\/wp-json\/wp\/v2\/posts\/10102","targetHints":{"allow":["GET"]}}],"collection":[{"href":"https:\/\/sertaneja95fm.com.br\/sited\/wp-json\/wp\/v2\/posts"}],"about":[{"href":"https:\/\/sertaneja95fm.com.br\/sited\/wp-json\/wp\/v2\/types\/post"}],"author":[{"embeddable":true,"href":"https:\/\/sertaneja95fm.com.br\/sited\/wp-json\/wp\/v2\/users\/2"}],"replies":[{"embeddable":true,"href":"https:\/\/sertaneja95fm.com.br\/sited\/wp-json\/wp\/v2\/comments?post=10102"}],"version-history":[{"count":1,"href":"https:\/\/sertaneja95fm.com.br\/sited\/wp-json\/wp\/v2\/posts\/10102\/revisions"}],"predecessor-version":[{"id":10104,"href":"https:\/\/sertaneja95fm.com.br\/sited\/wp-json\/wp\/v2\/posts\/10102\/revisions\/10104"}],"wp:featuredmedia":[{"embeddable":true,"href":"https:\/\/sertaneja95fm.com.br\/sited\/wp-json\/wp\/v2\/media\/10103"}],"wp:attachment":[{"href":"https:\/\/sertaneja95fm.com.br\/sited\/wp-json\/wp\/v2\/media?parent=10102"}],"wp:term":[{"taxonomy":"category","embeddable":true,"href":"https:\/\/sertaneja95fm.com.br\/sited\/wp-json\/wp\/v2\/categories?post=10102"},{"taxonomy":"post_tag","embeddable":true,"href":"https:\/\/sertaneja95fm.com.br\/sited\/wp-json\/wp\/v2\/tags?post=10102"}],"curies":[{"name":"wp","href":"https:\/\/api.w.org\/{rel}","templated":true}]}}