{"id":10108,"date":"2025-08-18T15:26:19","date_gmt":"2025-08-18T18:26:19","guid":{"rendered":"https:\/\/sertaneja95fm.com.br\/sited\/?p=10108"},"modified":"2025-08-18T15:26:19","modified_gmt":"2025-08-18T18:26:19","slug":"retiro-para-homens-2025-reune-multidao-historica-no-cct-e-marca-vidas-com-momentos-de-fe-e-transformacao","status":"publish","type":"post","link":"https:\/\/sertaneja95fm.com.br\/sited\/retiro-para-homens-2025-reune-multidao-historica-no-cct-e-marca-vidas-com-momentos-de-fe-e-transformacao\/","title":{"rendered":"Retiro para Homens 2025 re\u00fane multid\u00e3o hist\u00f3rica no CCT e marca vidas com momentos de f\u00e9 e transforma\u00e7\u00e3o"},"content":{"rendered":"<p>A edi\u00e7\u00e3o 2025 do Retiro para Homens, realizada nos dias 16 e 17 de agosto, entrou para a hist\u00f3ria como a maior j\u00e1 registrada desde a cria\u00e7\u00e3o do evento. A quadra do Col\u00e9gio Camilo Toscano (CCT) foi completamente tomada por homens vindos de v\u00e1rias cidades da regi\u00e3o, em um final de semana que ficar\u00e1 marcado como um divisor de \u00e1guas na vida espiritual de centenas de participantes.<\/p>\n<p>O encontro, promovido pela Comunidade Alian\u00e7a com Cristo atrav\u00e9s do Ter\u00e7o de S\u00e3o Jos\u00e9, com intensidade e profunda espiritualidade, reuniu o maior p\u00fablico j\u00e1 visto em todas as edi\u00e7\u00f5es do Retiro, demonstrando o crescente desejo dos homens em buscar renova\u00e7\u00e3o da f\u00e9, fortalecimento da fam\u00edlia e um reencontro pessoal com Deus.<\/p>\n<p>Foram dois dias de louvor, ora\u00e7\u00e3o, prega\u00e7\u00f5es, partilhas e momentos de adora\u00e7\u00e3o, em que muitos testemunharam experi\u00eancias de cura interior, convers\u00e3o e esperan\u00e7a. Em clima de fraternidade, cada detalhe contribuiu para que o retiro se tornasse uma experi\u00eancia \u00fanica e extraordin\u00e1ria, gravada no cora\u00e7\u00e3o de todos que participaram.<\/p>\n<p>\u201cFoi um verdadeiro derramamento do Esp\u00edrito Santo. Muitos homens sa\u00edram daqui renovados, restaurados e prontos para viver uma nova caminhada de f\u00e9\u201d, destacou a organiza\u00e7\u00e3o do evento.<\/p>\n<p>Mais do que um encontro, o Retiro para Homens 2025 se consolidou como um marco de f\u00e9 e transforma\u00e7\u00e3o para a cidade e para toda a regi\u00e3o, mostrando que quando homens se levantam na presen\u00e7a de Deus, fam\u00edlias, comunidades e gera\u00e7\u00f5es inteiras s\u00e3o aben\u00e7oadas.<\/p>\n","protected":false},"excerpt":{"rendered":"<p>A edi\u00e7\u00e3o 2025 do Retiro para Homens, realizada nos dias 16 e 17 de agosto, entrou para a hist\u00f3ria como a maior j\u00e1 registrada desde a cria\u00e7\u00e3o do evento. A quadra do Col\u00e9gio Camilo Toscano (CCT) foi completamente tomada por homens vindos de v\u00e1rias cidades da regi\u00e3o, em um final de semana que ficar\u00e1 marcado [&hellip;]<\/p>\n","protected":false},"author":2,"featured_media":0,"comment_status":"open","ping_status":"open","sticky":false,"template":"","format":"standard","meta":{"footnotes":""},"categories":[4,5,6,7,8],"tags":[],"class_list":["post-10108","post","type-post","status-publish","format-standard","hentry","category-locais","category-noticias","category-podcasts","category-sem-categoria","category-ultimas"],"aioseo_notices":[],"_links":{"self":[{"href":"https:\/\/sertaneja95fm.com.br\/sited\/wp-json\/wp\/v2\/posts\/10108","targetHints":{"allow":["GET"]}}],"collection":[{"href":"https:\/\/sertaneja95fm.com.br\/sited\/wp-json\/wp\/v2\/posts"}],"about":[{"href":"https:\/\/sertaneja95fm.com.br\/sited\/wp-json\/wp\/v2\/types\/post"}],"author":[{"embeddable":true,"href":"https:\/\/sertaneja95fm.com.br\/sited\/wp-json\/wp\/v2\/users\/2"}],"replies":[{"embeddable":true,"href":"https:\/\/sertaneja95fm.com.br\/sited\/wp-json\/wp\/v2\/comments?post=10108"}],"version-history":[{"count":1,"href":"https:\/\/sertaneja95fm.com.br\/sited\/wp-json\/wp\/v2\/posts\/10108\/revisions"}],"predecessor-version":[{"id":10109,"href":"https:\/\/sertaneja95fm.com.br\/sited\/wp-json\/wp\/v2\/posts\/10108\/revisions\/10109"}],"wp:attachment":[{"href":"https:\/\/sertaneja95fm.com.br\/sited\/wp-json\/wp\/v2\/media?parent=10108"}],"wp:term":[{"taxonomy":"category","embeddable":true,"href":"https:\/\/sertaneja95fm.com.br\/sited\/wp-json\/wp\/v2\/categories?post=10108"},{"taxonomy":"post_tag","embeddable":true,"href":"https:\/\/sertaneja95fm.com.br\/sited\/wp-json\/wp\/v2\/tags?post=10108"}],"curies":[{"name":"wp","href":"https:\/\/api.w.org\/{rel}","templated":true}]}}