{"id":6322,"date":"2021-12-20T08:13:35","date_gmt":"2021-12-20T11:13:35","guid":{"rendered":"https:\/\/sertaneja95fm.com.br\/?p=6322"},"modified":"2021-12-20T08:13:35","modified_gmt":"2021-12-20T11:13:35","slug":"sobe-para-12-o-numero-de-mortes-causadas-pela-omicron-no-reino-unido","status":"publish","type":"post","link":"https:\/\/sertaneja95fm.com.br\/sited\/sobe-para-12-o-numero-de-mortes-causadas-pela-omicron-no-reino-unido\/","title":{"rendered":"Sobe para 12 o n\u00famero de mortes causadas pela \u00f4micron no Reino Unido"},"content":{"rendered":"\n<p>Subiu para 12 o n\u00famero de mortes no&nbsp;<a href=\"https:\/\/g1.globo.com\/tudo-sobre\/gra-bretanha\/\">Reino Unido<\/a>&nbsp;causadas pela \u00f4micron, variante do&nbsp;<a href=\"https:\/\/g1.globo.com\/saude\/coronavirus\/\">novo coronav\u00edrus<\/a>&nbsp;que tem se espalhado pelo mundo, afirmou o vice-primeiro-ministro brit\u00e2nico, Dominic Raab, nesta segunda-feira (20).<\/p>\n\n\n\n<p>Tamb\u00e9m nesta segunda, o governo de&nbsp;<a href=\"https:\/\/g1.globo.com\/tudo-sobre\/israel\/\">Israel<\/a>&nbsp;anunciou que vai proibir viagens de e para os Estados Unidos, o Canad\u00e1 e a mais oito pa\u00edses em meio \u00e0 r\u00e1pida dissemina\u00e7\u00e3o global da \u00f4micron.<\/p>\n\n\n\n<p>A medida ainda precisa ser aprovada por uma comiss\u00e3o parlamentar para entrar em vigor e vai afetar tamb\u00e9m as viagens de Alemanha, B\u00e9lgica, Hungria, It\u00e1lia, Marrocos, Portugal, Su\u00ed\u00e7a e Turquia.<\/p>\n\n\n\n<p>A nova cepa do coronav\u00edrus&nbsp;<a href=\"https:\/\/g1.globo.com\/mundo\/noticia\/2021\/12\/19\/covid-na-europa-holanda-tem-novo-lockdown-paris-cancela-reveillon-e-londres-pode-ter-novas-restricoes.ghtml\">j\u00e1 tem causado novas medidas de restri\u00e7\u00e3o em diversos pa\u00edses da Europa<\/a>.<\/p>\n\n\n\n<p>A&nbsp;<a href=\"https:\/\/g1.globo.com\/tudo-sobre\/holanda\/\">Holanda<\/a>&nbsp;iniciou no domingo (19) um&nbsp;<a href=\"https:\/\/g1.globo.com\/mundo\/noticia\/2021\/12\/18\/holanda-decreta-lockdown-durante-natal-e-ano-novo-para-conter-variante-omicron.ghtml\">lockdown de tr\u00eas semanas<\/a>,&nbsp;<a href=\"http:\/\/g1.globo.com\/mundo\/franca\/cidade\/paris.html\">Paris<\/a>&nbsp;<a href=\"https:\/\/g1.globo.com\/mundo\/noticia\/2021\/12\/18\/paris-cancela-festa-de-reveillon.ghtml\">cancelou sua festa de r\u00e9veillon<\/a>&nbsp;e o prefeito de&nbsp;<a href=\"http:\/\/g1.globo.com\/mundo\/gra-bretanha\/cidade\/londres.html\">Londres<\/a>, Sadiq Khan, afirmou que&nbsp;<a href=\"https:\/\/g1.globo.com\/mundo\/noticia\/2021\/12\/19\/prefeito-de-londres-diz-que-e-inevitavel-que-cidade-imponha-mais-restricoes-contra-covid.ghtml\">novas restri\u00e7\u00f5es ser\u00e3o inevit\u00e1veis<\/a>.<\/p>\n\n\n\n<p>Detectada pela primeira vez no sul da \u00c1frica, h\u00e1 menos de um m\u00eas,\u00a0<a href=\"https:\/\/g1.globo.com\/mundo\/noticia\/2021\/12\/18\/omicron-ja-esta-em-quase-90-paises-e-se-espalha-mais-rapido-que-a-delta-diz-oms.ghtml\">a nova variante se espalha mais r\u00e1pido que delta e j\u00e1 foi detectada em quase 90 pa\u00edses<\/a>, segundo a\u00a0<a href=\"https:\/\/g1.globo.com\/tudo-sobre\/organizacao-mundial-de-saude\/\">OMS<\/a>\u00a0(Organiza\u00e7\u00e3o Mundial da Sa\u00fade).<\/p>\n\n\n\n<p>G1<\/p>\n\n\n\n<p>Foto: Frank Augstein\/AP<\/p>\n","protected":false},"excerpt":{"rendered":"<p>Subiu para 12 o n\u00famero de mortes no&nbsp;Reino Unido&nbsp;causadas pela \u00f4micron, variante do&nbsp;novo coronav\u00edrus&nbsp;que tem se espalhado pelo mundo, afirmou o vice-primeiro-ministro brit\u00e2nico, Dominic Raab, nesta segunda-feira (20). Tamb\u00e9m nesta segunda, o governo de&nbsp;Israel&nbsp;anunciou que vai proibir viagens de e para os Estados Unidos, o Canad\u00e1 e a mais oito pa\u00edses em meio \u00e0 r\u00e1pida [&hellip;]<\/p>\n","protected":false},"author":1,"featured_media":6323,"comment_status":"closed","ping_status":"closed","sticky":false,"template":"","format":"standard","meta":{"footnotes":""},"categories":[3,4,5],"tags":[],"class_list":["post-6322","post","type-post","status-publish","format-standard","has-post-thumbnail","hentry","category-destaque","category-locais","category-noticias"],"aioseo_notices":[],"_links":{"self":[{"href":"https:\/\/sertaneja95fm.com.br\/sited\/wp-json\/wp\/v2\/posts\/6322","targetHints":{"allow":["GET"]}}],"collection":[{"href":"https:\/\/sertaneja95fm.com.br\/sited\/wp-json\/wp\/v2\/posts"}],"about":[{"href":"https:\/\/sertaneja95fm.com.br\/sited\/wp-json\/wp\/v2\/types\/post"}],"author":[{"embeddable":true,"href":"https:\/\/sertaneja95fm.com.br\/sited\/wp-json\/wp\/v2\/users\/1"}],"replies":[{"embeddable":true,"href":"https:\/\/sertaneja95fm.com.br\/sited\/wp-json\/wp\/v2\/comments?post=6322"}],"version-history":[{"count":0,"href":"https:\/\/sertaneja95fm.com.br\/sited\/wp-json\/wp\/v2\/posts\/6322\/revisions"}],"wp:featuredmedia":[{"embeddable":true,"href":"https:\/\/sertaneja95fm.com.br\/sited\/wp-json\/"}],"wp:attachment":[{"href":"https:\/\/sertaneja95fm.com.br\/sited\/wp-json\/wp\/v2\/media?parent=6322"}],"wp:term":[{"taxonomy":"category","embeddable":true,"href":"https:\/\/sertaneja95fm.com.br\/sited\/wp-json\/wp\/v2\/categories?post=6322"},{"taxonomy":"post_tag","embeddable":true,"href":"https:\/\/sertaneja95fm.com.br\/sited\/wp-json\/wp\/v2\/tags?post=6322"}],"curies":[{"name":"wp","href":"https:\/\/api.w.org\/{rel}","templated":true}]}}