{"id":6331,"date":"2021-12-21T08:45:25","date_gmt":"2021-12-21T11:45:25","guid":{"rendered":"https:\/\/sertaneja95fm.com.br\/?p=6331"},"modified":"2021-12-21T08:45:25","modified_gmt":"2021-12-21T11:45:25","slug":"whindersson-anuncia-despedida-dos-palcos-em-2022-fama-me-afetou-em-outros-niveis","status":"publish","type":"post","link":"https:\/\/sertaneja95fm.com.br\/sited\/whindersson-anuncia-despedida-dos-palcos-em-2022-fama-me-afetou-em-outros-niveis\/","title":{"rendered":"Whindersson anuncia despedida dos palcos em 2022: &#8216;Fama me afetou em outros n\u00edveis&#8217;"},"content":{"rendered":"\n<p>O humorista Whindersson Nunes anunciou, nesta segunda-feira, que 2022 ser\u00e1 o ano de sua despedida dos palcos. Num desabafo no Twitter, o artista afirmou que prepara um espet\u00e1culo chamado &#8220;Isso n\u00e3o \u00e9 um culto&#8221; para 2022. Segundo ele, a decis\u00e3o se deu ap\u00f3s uma reflex\u00e3o.<\/p>\n\n\n\n<p>&#8220;Ontem foi a reuni\u00e3o pra decidir sobre o futuro da minha vida e carreira depois de muito perceber que dessa vida n\u00e3o se leva nada, nem fama, nem gl\u00f3ria, muito menos tudo que eu comprar com o que eu ganhar com isso. Eu percebo a quantidade de pessoas que vai ali atr\u00e1s de um rumo e n\u00e3o s\u00f3 atr\u00e1s de um sorriso, e eu queria fazer mais por essas pessoas, mais do que risada em troca de dinheiro&#8221;, come\u00e7ou ele.<\/p>\n\n\n\n<p>Ap\u00f3s o \u00faltimo espet\u00e1culo do ano no Rio, o artista afirmou que o pr\u00f3ximo j\u00e1 ser\u00e1 de despedida.<\/p>\n\n\n\n<p>&#8220;N\u00e3o pra sempre porque isso n\u00e3o existe, ningu\u00e9m para pra sempre, eu amo estar no palco, mas eu j\u00e1 estive nele por quase 10 anos, rodei o Brasil e vi tantas pessoas, em tantas situa\u00e7\u00f5es que eu fico constrangido quando algu\u00e9m n\u00e3o tem 30 reais pra dar risada junto com todos&#8221;.<\/p>\n\n\n\n<p>Segundo o humorista, a fama o afetou. Recentemente, ele lan\u00e7ou um livro, \u201cVivendo como um guerreiro\u201d, em que falou sobre o v\u00edcio em drogas e o t\u00e9rmino do seu relacionamento com Lu\u00edsa Sonza, em abril de 2020. Este ano, o artista perdeu o filho Jo\u00e3o Miguel, fruto do relacionamento com a estudante Maria Lina. Os dois n\u00e3o est\u00e3o mais juntos.<\/p>\n\n\n\n<p>&#8220;N\u00e3o me incomodo com a fama por que eu s\u00f3 sou amado pelas pessoas como sou, por que elas me conhecem, e eu amo esse amor.Mas me afetou em outros n\u00edveis e eu acho que ainda n\u00e3o sei lidar, preciso assimilar, e entender o que fazer com isso&#8221;.<\/p>\n\n\n\n<p>Whindersson afirmou que est\u00e1 muito feliz com a decis\u00e3o.<\/p>\n\n\n\n<p>&#8220;Parece que trabalhar a esmo sem saber aonde vai dar era uma coisa que me deixava angustiado, mas decidir dar um sumida parece que coloca tudo ao meu controle de novo, me d\u00e1 um novo futuro, me d\u00e1 muitas ideias, e eu vou voltar 10x mais forte&#8221;.<\/p>\n\n\n\n<p>EXTRA<\/p>\n\n\n\n<p>Foto: \/ Instagram\/reprodu\u00e7\u00e3o<\/p>\n","protected":false},"excerpt":{"rendered":"<p>O humorista Whindersson Nunes anunciou, nesta segunda-feira, que 2022 ser\u00e1 o ano de sua despedida dos palcos. Num desabafo no Twitter, o artista afirmou que prepara um espet\u00e1culo chamado &#8220;Isso n\u00e3o \u00e9 um culto&#8221; para 2022. Segundo ele, a decis\u00e3o se deu ap\u00f3s uma reflex\u00e3o. &#8220;Ontem foi a reuni\u00e3o pra decidir sobre o futuro da [&hellip;]<\/p>\n","protected":false},"author":1,"featured_media":6332,"comment_status":"closed","ping_status":"closed","sticky":false,"template":"","format":"standard","meta":{"footnotes":""},"categories":[3,4,5],"tags":[],"class_list":["post-6331","post","type-post","status-publish","format-standard","has-post-thumbnail","hentry","category-destaque","category-locais","category-noticias"],"aioseo_notices":[],"_links":{"self":[{"href":"https:\/\/sertaneja95fm.com.br\/sited\/wp-json\/wp\/v2\/posts\/6331","targetHints":{"allow":["GET"]}}],"collection":[{"href":"https:\/\/sertaneja95fm.com.br\/sited\/wp-json\/wp\/v2\/posts"}],"about":[{"href":"https:\/\/sertaneja95fm.com.br\/sited\/wp-json\/wp\/v2\/types\/post"}],"author":[{"embeddable":true,"href":"https:\/\/sertaneja95fm.com.br\/sited\/wp-json\/wp\/v2\/users\/1"}],"replies":[{"embeddable":true,"href":"https:\/\/sertaneja95fm.com.br\/sited\/wp-json\/wp\/v2\/comments?post=6331"}],"version-history":[{"count":0,"href":"https:\/\/sertaneja95fm.com.br\/sited\/wp-json\/wp\/v2\/posts\/6331\/revisions"}],"wp:featuredmedia":[{"embeddable":true,"href":"https:\/\/sertaneja95fm.com.br\/sited\/wp-json\/"}],"wp:attachment":[{"href":"https:\/\/sertaneja95fm.com.br\/sited\/wp-json\/wp\/v2\/media?parent=6331"}],"wp:term":[{"taxonomy":"category","embeddable":true,"href":"https:\/\/sertaneja95fm.com.br\/sited\/wp-json\/wp\/v2\/categories?post=6331"},{"taxonomy":"post_tag","embeddable":true,"href":"https:\/\/sertaneja95fm.com.br\/sited\/wp-json\/wp\/v2\/tags?post=6331"}],"curies":[{"name":"wp","href":"https:\/\/api.w.org\/{rel}","templated":true}]}}