{"id":6335,"date":"2021-12-23T16:07:18","date_gmt":"2021-12-23T19:07:18","guid":{"rendered":"https:\/\/sertaneja95fm.com.br\/?p=6335"},"modified":"2021-12-23T16:07:18","modified_gmt":"2021-12-23T19:07:18","slug":"ficou-impossivel-diz-governador-sobre-carnaval-na-bahia-em-2022","status":"publish","type":"post","link":"https:\/\/sertaneja95fm.com.br\/sited\/ficou-impossivel-diz-governador-sobre-carnaval-na-bahia-em-2022\/","title":{"rendered":"\u2018Ficou imposs\u00edvel\u2019, diz governador sobre carnaval na Bahia em 2022"},"content":{"rendered":"\n<p>O governador Rui Costa afirmou, na manh\u00e3 desta quinta-feira (23), que \u00e9 \u201cficou imposs\u00edvel\u201d a realiza\u00e7\u00e3o do carnaval na Bahia em 2022. A declara\u00e7\u00e3o foi dada durante ato inaugural no Hospital Geral Roberto Santos,&nbsp;em Salvador.<\/p>\n\n\n\n<p>\u201cSabe aquele filme Miss\u00e3o Imposs\u00edvel? N\u00f3s estamos na Miss\u00e3o Imposs\u00edvel 3, ent\u00e3o, n\u00e3o ser\u00e1 poss\u00edvel fazer esse carnaval. N\u00e3o tem a m\u00ednima condi\u00e7\u00e3o\u201d, afirmou o governador, fazendo refer\u00eancia \u00e0s duas ondas de Covid-19 e o&nbsp;aumento recente do n\u00famero de casos de gripe H3N2&nbsp;em todo o estado.<\/p>\n\n\n\n<p>\u201cAlgu\u00e9m falar de carnaval a essa altura do campeonato, est\u00e1 querendo ser irrespons\u00e1vel com a vida do outro e eu n\u00e3o estou nesse grupo. Portanto, n\u00f3s n\u00e3o teremos carnaval nesse modelo que n\u00f3s conhecemos como carnaval. N\u00e3o h\u00e1 m\u00ednima condi\u00e7\u00e3o\u201d.<\/p>\n\n\n\n<p>Rui Costa alegou que, al\u00e9m das mortes provocadas pela Covid-19, agora o estado passa a ter&nbsp;\u00f3bitos pelo Influenza, o que aumenta o alerta das autoridades.<\/p>\n\n\n\n<p>\u201cA maior alegria que a gente vai ter \u00e9 de superar o v\u00edrus do coronav\u00edrus e agora esse v\u00edrus da gripe. Se no in\u00edcio de dezembro estava dif\u00edcil de fazer carnaval, agora ficou imposs\u00edvel\u201d, refor\u00e7ou, ressaltando que \u201cs\u00f3 uma pessoa completamente irrespons\u00e1vel faria carnaval nessas condi\u00e7\u00f5es\u201d.<\/p>\n\n\n\n<p>Conforme o govenador, atualmente o estado tem mais de dois milh\u00f5es de pessoas com vacina\u00e7\u00e3o contra Covid-19 em atraso e por isso \u201cn\u00e3o h\u00e1 o que se falar em festa de larga escala nesse per\u00edodo\u201d.<\/p>\n\n\n\n<p><strong>g1 BA<\/strong><\/p>\n\n\n\n<p><strong>Foto: Ag\u00eancia Brasil<\/strong><\/p>\n","protected":false},"excerpt":{"rendered":"<p>O governador Rui Costa afirmou, na manh\u00e3 desta quinta-feira (23), que \u00e9 \u201cficou imposs\u00edvel\u201d a realiza\u00e7\u00e3o do carnaval na Bahia em 2022. A declara\u00e7\u00e3o foi dada durante ato inaugural no Hospital Geral Roberto Santos,&nbsp;em Salvador. \u201cSabe aquele filme Miss\u00e3o Imposs\u00edvel? N\u00f3s estamos na Miss\u00e3o Imposs\u00edvel 3, ent\u00e3o, n\u00e3o ser\u00e1 poss\u00edvel fazer esse carnaval. N\u00e3o tem [&hellip;]<\/p>\n","protected":false},"author":1,"featured_media":6336,"comment_status":"closed","ping_status":"closed","sticky":false,"template":"","format":"standard","meta":{"footnotes":""},"categories":[3,4,5,6],"tags":[],"class_list":["post-6335","post","type-post","status-publish","format-standard","has-post-thumbnail","hentry","category-destaque","category-locais","category-noticias","category-podcasts"],"aioseo_notices":[],"_links":{"self":[{"href":"https:\/\/sertaneja95fm.com.br\/sited\/wp-json\/wp\/v2\/posts\/6335","targetHints":{"allow":["GET"]}}],"collection":[{"href":"https:\/\/sertaneja95fm.com.br\/sited\/wp-json\/wp\/v2\/posts"}],"about":[{"href":"https:\/\/sertaneja95fm.com.br\/sited\/wp-json\/wp\/v2\/types\/post"}],"author":[{"embeddable":true,"href":"https:\/\/sertaneja95fm.com.br\/sited\/wp-json\/wp\/v2\/users\/1"}],"replies":[{"embeddable":true,"href":"https:\/\/sertaneja95fm.com.br\/sited\/wp-json\/wp\/v2\/comments?post=6335"}],"version-history":[{"count":0,"href":"https:\/\/sertaneja95fm.com.br\/sited\/wp-json\/wp\/v2\/posts\/6335\/revisions"}],"wp:featuredmedia":[{"embeddable":true,"href":"https:\/\/sertaneja95fm.com.br\/sited\/wp-json\/"}],"wp:attachment":[{"href":"https:\/\/sertaneja95fm.com.br\/sited\/wp-json\/wp\/v2\/media?parent=6335"}],"wp:term":[{"taxonomy":"category","embeddable":true,"href":"https:\/\/sertaneja95fm.com.br\/sited\/wp-json\/wp\/v2\/categories?post=6335"},{"taxonomy":"post_tag","embeddable":true,"href":"https:\/\/sertaneja95fm.com.br\/sited\/wp-json\/wp\/v2\/tags?post=6335"}],"curies":[{"name":"wp","href":"https:\/\/api.w.org\/{rel}","templated":true}]}}