{"id":6345,"date":"2021-12-27T16:32:56","date_gmt":"2021-12-27T19:32:56","guid":{"rendered":"https:\/\/sertaneja95fm.com.br\/?p=6345"},"modified":"2021-12-27T16:32:56","modified_gmt":"2021-12-27T19:32:56","slug":"vacinacao-de-criancas-pode-comecar-em-janeiro-diz-ministerio-da-saude","status":"publish","type":"post","link":"https:\/\/sertaneja95fm.com.br\/sited\/vacinacao-de-criancas-pode-comecar-em-janeiro-diz-ministerio-da-saude\/","title":{"rendered":"Vacina\u00e7\u00e3o de crian\u00e7as pode come\u00e7ar em janeiro, diz Minist\u00e9rio da Sa\u00fade"},"content":{"rendered":"\n<p>A vacina\u00e7\u00e3o de crian\u00e7as contra a Covid-19 a partir dos 5 anos pode come\u00e7ar ainda em janeiro de 2022, segundo informou, nesta segunda-feira (27), o Minist\u00e9rio da Sa\u00fade. Em nota, a pasta destacou que a recomenda\u00e7\u00e3o \u00e9 de inclus\u00e3o da faixa et\u00e1ria no PNO (Plano Nacional de Operacionaliza\u00e7\u00e3o da Vacina\u00e7\u00e3o contra a Covid-19) e que n\u00e3o h\u00e1 diverg\u00eancia em rela\u00e7\u00e3o \u00e0s recentes cobran\u00e7as do STF (Supremo Tribunal Federal).<\/p>\n\n\n\n<p>O ministro do STF Ricardo Lewandowski deu cinco dias ao governo federal para explicar a exig\u00eancia de prescri\u00e7\u00e3o m\u00e9dica e informar o cronograma vacinal das crian\u00e7as. O per\u00edodo foi estendido at\u00e9 5 de janeiro. Na data prevista, o Minist\u00e9rio da Sa\u00fade afirmou que \u201cformalizar\u00e1 sua decis\u00e3o e, mantida a recomenda\u00e7\u00e3o, a imuniza\u00e7\u00e3o dessa faixa et\u00e1ria deve se iniciar ainda em janeiro\u201d.<\/p>\n\n\n\n<p>\u201cA recomenda\u00e7\u00e3o do Minist\u00e9rio da Sa\u00fade \u00e9 de inclus\u00e3o das crian\u00e7as de 5 a 11 anos no PNO (Plano Nacional de Operacionaliza\u00e7\u00e3o da Vacina\u00e7\u00e3o contra a Covid-19), conforme posicionamento oficial da pasta declarado em consulta p\u00fablica no dia 23 de dezembro e refor\u00e7ado pelo ministro da Sa\u00fade em manifesta\u00e7\u00f5es p\u00fablicas\u201d, informou a nota.<\/p>\n\n\n\n<p><strong>R7<\/strong><\/p>\n\n\n\n<p><strong>Foto: MASSIMO PERCOSSI \/ EFE \/ EPA \/ FOTO DE ARQUIVO<\/strong><\/p>\n","protected":false},"excerpt":{"rendered":"<p>A vacina\u00e7\u00e3o de crian\u00e7as contra a Covid-19 a partir dos 5 anos pode come\u00e7ar ainda em janeiro de 2022, segundo informou, nesta segunda-feira (27), o Minist\u00e9rio da Sa\u00fade. Em nota, a pasta destacou que a recomenda\u00e7\u00e3o \u00e9 de inclus\u00e3o da faixa et\u00e1ria no PNO (Plano Nacional de Operacionaliza\u00e7\u00e3o da Vacina\u00e7\u00e3o contra a Covid-19) e que [&hellip;]<\/p>\n","protected":false},"author":1,"featured_media":6346,"comment_status":"closed","ping_status":"closed","sticky":false,"template":"","format":"standard","meta":{"footnotes":""},"categories":[3,4,5],"tags":[],"class_list":["post-6345","post","type-post","status-publish","format-standard","has-post-thumbnail","hentry","category-destaque","category-locais","category-noticias"],"aioseo_notices":[],"_links":{"self":[{"href":"https:\/\/sertaneja95fm.com.br\/sited\/wp-json\/wp\/v2\/posts\/6345","targetHints":{"allow":["GET"]}}],"collection":[{"href":"https:\/\/sertaneja95fm.com.br\/sited\/wp-json\/wp\/v2\/posts"}],"about":[{"href":"https:\/\/sertaneja95fm.com.br\/sited\/wp-json\/wp\/v2\/types\/post"}],"author":[{"embeddable":true,"href":"https:\/\/sertaneja95fm.com.br\/sited\/wp-json\/wp\/v2\/users\/1"}],"replies":[{"embeddable":true,"href":"https:\/\/sertaneja95fm.com.br\/sited\/wp-json\/wp\/v2\/comments?post=6345"}],"version-history":[{"count":0,"href":"https:\/\/sertaneja95fm.com.br\/sited\/wp-json\/wp\/v2\/posts\/6345\/revisions"}],"wp:featuredmedia":[{"embeddable":true,"href":"https:\/\/sertaneja95fm.com.br\/sited\/wp-json\/"}],"wp:attachment":[{"href":"https:\/\/sertaneja95fm.com.br\/sited\/wp-json\/wp\/v2\/media?parent=6345"}],"wp:term":[{"taxonomy":"category","embeddable":true,"href":"https:\/\/sertaneja95fm.com.br\/sited\/wp-json\/wp\/v2\/categories?post=6345"},{"taxonomy":"post_tag","embeddable":true,"href":"https:\/\/sertaneja95fm.com.br\/sited\/wp-json\/wp\/v2\/tags?post=6345"}],"curies":[{"name":"wp","href":"https:\/\/api.w.org\/{rel}","templated":true}]}}