{"id":6348,"date":"2021-12-27T16:34:07","date_gmt":"2021-12-27T19:34:07","guid":{"rendered":"https:\/\/sertaneja95fm.com.br\/?p=6348"},"modified":"2021-12-27T16:34:07","modified_gmt":"2021-12-27T19:34:07","slug":"atualizacao-conectesus-volta-a-exibir-comprovante-de-vacinacao-apos-ataque-hacker","status":"publish","type":"post","link":"https:\/\/sertaneja95fm.com.br\/sited\/atualizacao-conectesus-volta-a-exibir-comprovante-de-vacinacao-apos-ataque-hacker\/","title":{"rendered":"ATUALIZA\u00c7\u00c3O: ConecteSus volta a exibir comprovante de vacina\u00e7\u00e3o ap\u00f3s ataque hacker"},"content":{"rendered":"\n<p>O ConecteSUS voltou a exibir o comprovante de vacina\u00e7\u00e3o desde o \u00faltimo domingo (26). No entanto, para que a fun\u00e7\u00e3o funcione, \u00e9 preciso atualizar o aplicativo no Google Play e Apple Store. A plataforma estava fora do ar desde 10 de dezembro, quando um ataque hacker atingiu sistemas do Minist\u00e9rio da Sa\u00fade.<\/p>\n\n\n\n<p>Quem tentava acessar os sites ou aplicativos via uma mensagem assinada pelo Lapsus$ Group. O texto informava que \u201cos dados internos dos sistemas foram copiados e exclu\u00eddos\u201d. O sistema ficou indispon\u00edvel por 13 dias e voltou a funcionar na \u00faltima quinta-feira (23), mas sem a emiss\u00e3o do Certificado Nacional de Vacina\u00e7\u00e3o.<\/p>\n\n\n\n<p>O Minist\u00e9rio da Sa\u00fade criou uma p\u00e1gina alternativa para a emiss\u00e3o tempor\u00e1ria do documento. Mesmo assim, decidiu adiar a exig\u00eancia do comprovante de vacina\u00e7\u00e3o dos viajantes que entram no pa\u00eds. Em 20 de dezembro, o governo Bolsonaro publicou nova portaria com medidas mais r\u00edgidas para controlar a entrada de viajantes no Brasil.<\/p>\n\n\n\n<p>O texto estabelece a obrigatoriedade da apresenta\u00e7\u00e3o do comprovante de vacina\u00e7\u00e3o e de teste negativo para a covid para entrar no pa\u00eds. Quem n\u00e3o puder tomar o imunizante por raz\u00f5es m\u00e9dicas e passageiros oriundos de pa\u00edses com pouca oferta de vacina est\u00e3o dispensados da apresenta\u00e7\u00e3o do documento. Nesses casos, \u00e9 exigida quarentena de 14 dias.<\/p>\n\n\n\n<p><strong>Foto: Divulga\u00e7\u00e3o<\/strong><\/p>\n","protected":false},"excerpt":{"rendered":"<p>O ConecteSUS voltou a exibir o comprovante de vacina\u00e7\u00e3o desde o \u00faltimo domingo (26). No entanto, para que a fun\u00e7\u00e3o funcione, \u00e9 preciso atualizar o aplicativo no Google Play e Apple Store. A plataforma estava fora do ar desde 10 de dezembro, quando um ataque hacker atingiu sistemas do Minist\u00e9rio da Sa\u00fade. Quem tentava acessar [&hellip;]<\/p>\n","protected":false},"author":1,"featured_media":6349,"comment_status":"closed","ping_status":"closed","sticky":false,"template":"","format":"standard","meta":{"footnotes":""},"categories":[3,4,5],"tags":[],"class_list":["post-6348","post","type-post","status-publish","format-standard","has-post-thumbnail","hentry","category-destaque","category-locais","category-noticias"],"aioseo_notices":[],"_links":{"self":[{"href":"https:\/\/sertaneja95fm.com.br\/sited\/wp-json\/wp\/v2\/posts\/6348","targetHints":{"allow":["GET"]}}],"collection":[{"href":"https:\/\/sertaneja95fm.com.br\/sited\/wp-json\/wp\/v2\/posts"}],"about":[{"href":"https:\/\/sertaneja95fm.com.br\/sited\/wp-json\/wp\/v2\/types\/post"}],"author":[{"embeddable":true,"href":"https:\/\/sertaneja95fm.com.br\/sited\/wp-json\/wp\/v2\/users\/1"}],"replies":[{"embeddable":true,"href":"https:\/\/sertaneja95fm.com.br\/sited\/wp-json\/wp\/v2\/comments?post=6348"}],"version-history":[{"count":0,"href":"https:\/\/sertaneja95fm.com.br\/sited\/wp-json\/wp\/v2\/posts\/6348\/revisions"}],"wp:featuredmedia":[{"embeddable":true,"href":"https:\/\/sertaneja95fm.com.br\/sited\/wp-json\/"}],"wp:attachment":[{"href":"https:\/\/sertaneja95fm.com.br\/sited\/wp-json\/wp\/v2\/media?parent=6348"}],"wp:term":[{"taxonomy":"category","embeddable":true,"href":"https:\/\/sertaneja95fm.com.br\/sited\/wp-json\/wp\/v2\/categories?post=6348"},{"taxonomy":"post_tag","embeddable":true,"href":"https:\/\/sertaneja95fm.com.br\/sited\/wp-json\/wp\/v2\/tags?post=6348"}],"curies":[{"name":"wp","href":"https:\/\/api.w.org\/{rel}","templated":true}]}}