{"id":6357,"date":"2021-12-29T07:50:27","date_gmt":"2021-12-29T10:50:27","guid":{"rendered":"https:\/\/sertaneja95fm.com.br\/?p=6357"},"modified":"2021-12-29T07:50:27","modified_gmt":"2021-12-29T10:50:27","slug":"brasil-atinge-a-marca-de-320-milhoes-de-vacinas-aplicadas-contra-covid","status":"publish","type":"post","link":"https:\/\/sertaneja95fm.com.br\/sited\/brasil-atinge-a-marca-de-320-milhoes-de-vacinas-aplicadas-contra-covid\/","title":{"rendered":"Brasil atinge a marca de 320 milh\u00f5es de vacinas aplicadas contra Covid"},"content":{"rendered":"\n<p>O Minist\u00e9rio da Sa\u00fade informou nesta ter\u00e7a-feira (28) que o Brasil atingiu a marca de 320 milh\u00f5es de vacinas aplicadas contra a covid-19. Segundo a pasta, a ampla imuniza\u00e7\u00e3o da popula\u00e7\u00e3o gerou redu\u00e7\u00e3o na quantidade dos casos de pessoas infectadas, de mortes e a ocupa\u00e7\u00e3o de leitos de UTI.<\/p>\n\n\n\n<p>Conforme os dados, 143 milh\u00f5es de brasileiros est\u00e3o com ciclo vacinal completo, 161 milh\u00f5es est\u00e3o imunizados com a primeira dose da vacina e 16 milh\u00f5es receberam pelo menos uma dose de refor\u00e7o.<\/p>\n\n\n\n<p>\u201cCom o avan\u00e7o da vacina\u00e7\u00e3o foi poss\u00edvel reduzir em mais de 90% o n\u00famero de \u00f3bitos e o n\u00famero de casos de covid-19, quando comparado ao pico da pandemia, em abril de 2021. Temos hoje, no Brasil, o menor n\u00famero de \u00f3bitos por covid-19 desde abril de 2020\u201d, destaca o ministro da Sa\u00fade, Marcelo Queiroga.<\/p>\n\n\n\n<p><strong>Di\u00e1rio do Poder<\/strong><\/p>\n\n\n\n<p>&nbsp;Science Photo Library\/Getty Images<\/p>\n\n\n\n<p><\/p>\n","protected":false},"excerpt":{"rendered":"<p>O Minist\u00e9rio da Sa\u00fade informou nesta ter\u00e7a-feira (28) que o Brasil atingiu a marca de 320 milh\u00f5es de vacinas aplicadas contra a covid-19. Segundo a pasta, a ampla imuniza\u00e7\u00e3o da popula\u00e7\u00e3o gerou redu\u00e7\u00e3o na quantidade dos casos de pessoas infectadas, de mortes e a ocupa\u00e7\u00e3o de leitos de UTI. Conforme os dados, 143 milh\u00f5es de [&hellip;]<\/p>\n","protected":false},"author":1,"featured_media":6358,"comment_status":"closed","ping_status":"closed","sticky":false,"template":"","format":"standard","meta":{"footnotes":""},"categories":[3,4,5,8],"tags":[],"class_list":["post-6357","post","type-post","status-publish","format-standard","has-post-thumbnail","hentry","category-destaque","category-locais","category-noticias","category-ultimas"],"aioseo_notices":[],"_links":{"self":[{"href":"https:\/\/sertaneja95fm.com.br\/sited\/wp-json\/wp\/v2\/posts\/6357","targetHints":{"allow":["GET"]}}],"collection":[{"href":"https:\/\/sertaneja95fm.com.br\/sited\/wp-json\/wp\/v2\/posts"}],"about":[{"href":"https:\/\/sertaneja95fm.com.br\/sited\/wp-json\/wp\/v2\/types\/post"}],"author":[{"embeddable":true,"href":"https:\/\/sertaneja95fm.com.br\/sited\/wp-json\/wp\/v2\/users\/1"}],"replies":[{"embeddable":true,"href":"https:\/\/sertaneja95fm.com.br\/sited\/wp-json\/wp\/v2\/comments?post=6357"}],"version-history":[{"count":0,"href":"https:\/\/sertaneja95fm.com.br\/sited\/wp-json\/wp\/v2\/posts\/6357\/revisions"}],"wp:featuredmedia":[{"embeddable":true,"href":"https:\/\/sertaneja95fm.com.br\/sited\/wp-json\/"}],"wp:attachment":[{"href":"https:\/\/sertaneja95fm.com.br\/sited\/wp-json\/wp\/v2\/media?parent=6357"}],"wp:term":[{"taxonomy":"category","embeddable":true,"href":"https:\/\/sertaneja95fm.com.br\/sited\/wp-json\/wp\/v2\/categories?post=6357"},{"taxonomy":"post_tag","embeddable":true,"href":"https:\/\/sertaneja95fm.com.br\/sited\/wp-json\/wp\/v2\/tags?post=6357"}],"curies":[{"name":"wp","href":"https:\/\/api.w.org\/{rel}","templated":true}]}}