{"id":6366,"date":"2021-12-29T07:59:48","date_gmt":"2021-12-29T10:59:48","guid":{"rendered":"https:\/\/sertaneja95fm.com.br\/?p=6366"},"modified":"2021-12-29T07:59:48","modified_gmt":"2021-12-29T10:59:48","slug":"rn-nao-vai-exigir-receita-medica-para-vacinar-criancas-de-5-a-11-anos-contra-a-covid-19-diz-sesap","status":"publish","type":"post","link":"https:\/\/sertaneja95fm.com.br\/sited\/rn-nao-vai-exigir-receita-medica-para-vacinar-criancas-de-5-a-11-anos-contra-a-covid-19-diz-sesap\/","title":{"rendered":"RN n\u00e3o vai exigir receita m\u00e9dica para vacinar crian\u00e7as de 5 a 11 anos contra a Covid-19, diz Sesap"},"content":{"rendered":"\n<p>A Secretaria de Estado da Sa\u00fade P\u00fablica (Sesap) informou nesta ter\u00e7a-feira (28) que n\u00e3o ser\u00e1 exigido qualquer tipo de receita m\u00e9dica para imuniza\u00e7\u00e3o contra a Covid-19 para crian\u00e7as entre 5 e 11 anos no Rio Grande do Norte.<\/p>\n\n\n\n<p>A decis\u00e3o foi confirmada em reuni\u00e3o extraordin\u00e1ria da Comiss\u00e3o de Gestores Bipartite (CIB) na tarde desta ter\u00e7a-feira (28), reunindo a gest\u00e3o da Sesap e representa\u00e7\u00e3o dos munic\u00edpios potiguares.<\/p>\n\n\n\n<p>Segundo a secretaria da Sa\u00fade, as crian\u00e7as que se apresentarem, indistintamente, acompanhadas pelos pais ou respons\u00e1veis legais receber\u00e3o a vacina em todos os pontos de vacina\u00e7\u00e3o do SUS no estado. Ser\u00e1 exigido documento de identifica\u00e7\u00e3o oficial da crian\u00e7a, para fins de registro do imunizante e comprova\u00e7\u00e3o da faixa de idade, seguindo o procedimento padr\u00e3o do sistema de imuniza\u00e7\u00e3o consolidado.<\/p>\n\n\n\n<p>Ainda de acordo com a pasta, a medida segue a orienta\u00e7\u00e3o da Ag\u00eancia Nacional de Vigil\u00e2ncia Sanit\u00e1ria (Anvisa), que aprovou a utiliza\u00e7\u00e3o do imunizante da Pfizer para o Brasil. A Sesap e os munic\u00edpios tamb\u00e9m afirmam que aguardar\u00e3o o envio de doses por parte do Minist\u00e9rio da Sa\u00fade para iniciar a imuniza\u00e7\u00e3o das crian\u00e7as no RN.<\/p>\n\n\n\n<p>Foto: Paul Hennessy\/SOPA Images\/Sipa USA<\/p>\n","protected":false},"excerpt":{"rendered":"<p>A Secretaria de Estado da Sa\u00fade P\u00fablica (Sesap) informou nesta ter\u00e7a-feira (28) que n\u00e3o ser\u00e1 exigido qualquer tipo de receita m\u00e9dica para imuniza\u00e7\u00e3o contra a Covid-19 para crian\u00e7as entre 5 e 11 anos no Rio Grande do Norte. A decis\u00e3o foi confirmada em reuni\u00e3o extraordin\u00e1ria da Comiss\u00e3o de Gestores Bipartite (CIB) na tarde desta ter\u00e7a-feira [&hellip;]<\/p>\n","protected":false},"author":1,"featured_media":6370,"comment_status":"closed","ping_status":"closed","sticky":false,"template":"","format":"standard","meta":{"footnotes":""},"categories":[3,4,5,8],"tags":[],"class_list":["post-6366","post","type-post","status-publish","format-standard","has-post-thumbnail","hentry","category-destaque","category-locais","category-noticias","category-ultimas"],"aioseo_notices":[],"_links":{"self":[{"href":"https:\/\/sertaneja95fm.com.br\/sited\/wp-json\/wp\/v2\/posts\/6366","targetHints":{"allow":["GET"]}}],"collection":[{"href":"https:\/\/sertaneja95fm.com.br\/sited\/wp-json\/wp\/v2\/posts"}],"about":[{"href":"https:\/\/sertaneja95fm.com.br\/sited\/wp-json\/wp\/v2\/types\/post"}],"author":[{"embeddable":true,"href":"https:\/\/sertaneja95fm.com.br\/sited\/wp-json\/wp\/v2\/users\/1"}],"replies":[{"embeddable":true,"href":"https:\/\/sertaneja95fm.com.br\/sited\/wp-json\/wp\/v2\/comments?post=6366"}],"version-history":[{"count":0,"href":"https:\/\/sertaneja95fm.com.br\/sited\/wp-json\/wp\/v2\/posts\/6366\/revisions"}],"wp:featuredmedia":[{"embeddable":true,"href":"https:\/\/sertaneja95fm.com.br\/sited\/wp-json\/"}],"wp:attachment":[{"href":"https:\/\/sertaneja95fm.com.br\/sited\/wp-json\/wp\/v2\/media?parent=6366"}],"wp:term":[{"taxonomy":"category","embeddable":true,"href":"https:\/\/sertaneja95fm.com.br\/sited\/wp-json\/wp\/v2\/categories?post=6366"},{"taxonomy":"post_tag","embeddable":true,"href":"https:\/\/sertaneja95fm.com.br\/sited\/wp-json\/wp\/v2\/tags?post=6366"}],"curies":[{"name":"wp","href":"https:\/\/api.w.org\/{rel}","templated":true}]}}