{"id":6372,"date":"2022-01-06T08:07:03","date_gmt":"2022-01-06T11:07:03","guid":{"rendered":"https:\/\/sertaneja95fm.com.br\/?p=6372"},"modified":"2022-01-06T08:07:03","modified_gmt":"2022-01-06T11:07:03","slug":"brasil-supera-390-milhoes-de-doses-distribuidas-pelo-ministerio-da-saude","status":"publish","type":"post","link":"https:\/\/sertaneja95fm.com.br\/sited\/brasil-supera-390-milhoes-de-doses-distribuidas-pelo-ministerio-da-saude\/","title":{"rendered":"Brasil supera 390 milh\u00f5es de doses distribu\u00eddas pelo Minist\u00e9rio da Sa\u00fade"},"content":{"rendered":"\n<p>Nesta quarta-feira (5), o Brasil ultrapassou a marca de 390 milh\u00f5es de doses de vacinas contra covid-19 distribu\u00eddas pelo Minist\u00e9rio da Sa\u00fade aos estados. Com isso, mais de 81% da popula\u00e7\u00e3o-alvo j\u00e1 conseguiu tomar duas doses do imunizante.<\/p>\n\n\n\n<p>A pasta da Sa\u00fade do governo de Jair Bolsonaro destaca que a campanha de vacina\u00e7\u00e3o contra a covid-19 no Brasil \u00e9 um sucesso resultante da seguinte soma de esfor\u00e7os: \u201cO Minist\u00e9rio da Sa\u00fade incentivou, a popula\u00e7\u00e3o aderiu, e cada vez mais pessoas est\u00e3o protegidas contra a doen\u00e7a\u201d.<\/p>\n\n\n\n<p>O primeiro lote de vacinas deste ano desembarcou no Brasil na tarde de domingo (2). O lote composto por 1,1 milh\u00e3o de doses da Pfizer chegou ao pa\u00eds pelo Aeroporto de Viracopos, em Campinas (SP). \u00c9 com esse imunizante que os brasileiros devem tomar a dose de refor\u00e7o \u2013 que tem a aplica\u00e7\u00e3o recomendada para 4 meses depois da segunda dose.<\/p>\n\n\n\n<p>Com cada vez mais pessoas vacinadas, os casos de \u00f3bitos e interna\u00e7\u00f5es por covid-19 seguem caindo. Com isso, o Minist\u00e9rio da Sa\u00fade vem conseguindo ampliar o n\u00famero de leitos de unidade de terapia intensiva (UTI) para pacientes que necessitem de atendimento por outras doen\u00e7as, que n\u00e3o a causada pelo coronav\u00edrus.<\/p>\n\n\n\n<p>Desde o come\u00e7o da campanha, em janeiro do ano passado, mais de 330 milh\u00f5es de doses foram aplicadas. A primeira dose chegou para 161,3 milh\u00f5es de pessoas e a segunda dose foi aplicada em aproximadamente 144 milh\u00f5es de pessoas. Mais de 16 milh\u00f5es j\u00e1 tomaram a dose adicional ou a de refor\u00e7o. Em 2022, o Minist\u00e9rio da Sa\u00fade receber\u00e1 dos laborat\u00f3rios contratados mais de 354 milh\u00f5es de doses de vacinas. (Com informa\u00e7\u00f5es da Comunica\u00e7\u00e3o do MS)<\/p>\n\n\n\n<p><strong>Di\u00e1rio do Poder<\/strong><\/p>\n\n\n\n<p><\/p>\n","protected":false},"excerpt":{"rendered":"<p>Nesta quarta-feira (5), o Brasil ultrapassou a marca de 390 milh\u00f5es de doses de vacinas contra covid-19 distribu\u00eddas pelo Minist\u00e9rio da Sa\u00fade aos estados. Com isso, mais de 81% da popula\u00e7\u00e3o-alvo j\u00e1 conseguiu tomar duas doses do imunizante. A pasta da Sa\u00fade do governo de Jair Bolsonaro destaca que a campanha de vacina\u00e7\u00e3o contra a [&hellip;]<\/p>\n","protected":false},"author":1,"featured_media":6358,"comment_status":"closed","ping_status":"closed","sticky":false,"template":"","format":"standard","meta":{"footnotes":""},"categories":[3,4,5],"tags":[],"class_list":["post-6372","post","type-post","status-publish","format-standard","has-post-thumbnail","hentry","category-destaque","category-locais","category-noticias"],"aioseo_notices":[],"_links":{"self":[{"href":"https:\/\/sertaneja95fm.com.br\/sited\/wp-json\/wp\/v2\/posts\/6372","targetHints":{"allow":["GET"]}}],"collection":[{"href":"https:\/\/sertaneja95fm.com.br\/sited\/wp-json\/wp\/v2\/posts"}],"about":[{"href":"https:\/\/sertaneja95fm.com.br\/sited\/wp-json\/wp\/v2\/types\/post"}],"author":[{"embeddable":true,"href":"https:\/\/sertaneja95fm.com.br\/sited\/wp-json\/wp\/v2\/users\/1"}],"replies":[{"embeddable":true,"href":"https:\/\/sertaneja95fm.com.br\/sited\/wp-json\/wp\/v2\/comments?post=6372"}],"version-history":[{"count":0,"href":"https:\/\/sertaneja95fm.com.br\/sited\/wp-json\/wp\/v2\/posts\/6372\/revisions"}],"wp:featuredmedia":[{"embeddable":true,"href":"https:\/\/sertaneja95fm.com.br\/sited\/wp-json\/"}],"wp:attachment":[{"href":"https:\/\/sertaneja95fm.com.br\/sited\/wp-json\/wp\/v2\/media?parent=6372"}],"wp:term":[{"taxonomy":"category","embeddable":true,"href":"https:\/\/sertaneja95fm.com.br\/sited\/wp-json\/wp\/v2\/categories?post=6372"},{"taxonomy":"post_tag","embeddable":true,"href":"https:\/\/sertaneja95fm.com.br\/sited\/wp-json\/wp\/v2\/tags?post=6372"}],"curies":[{"name":"wp","href":"https:\/\/api.w.org\/{rel}","templated":true}]}}