{"id":6374,"date":"2022-01-06T08:14:09","date_gmt":"2022-01-06T11:14:09","guid":{"rendered":"https:\/\/sertaneja95fm.com.br\/?p=6374"},"modified":"2022-01-06T08:14:09","modified_gmt":"2022-01-06T11:14:09","slug":"vacina-contra-nova-cepa-da-influenza-so-chegara-em-marco","status":"publish","type":"post","link":"https:\/\/sertaneja95fm.com.br\/sited\/vacina-contra-nova-cepa-da-influenza-so-chegara-em-marco\/","title":{"rendered":"Vacina contra nova cepa da influenza s\u00f3 chegar\u00e1 em mar\u00e7o"},"content":{"rendered":"\n<p>O ministro da Sa\u00fade, Marcelo Queiroga, disse que as vacinas contra a nova cepa do v\u00edrus influenza A, H3N2, devem chegar no pa\u00eds em mar\u00e7o. A declara\u00e7\u00e3o foi dada nesta 4\u00aa feira (5.jan.2022), durante coletiva de imprensa sobre a vacina\u00e7\u00e3o de crian\u00e7as de 5 a 11 anos contra covid-19.<\/p>\n\n\n\n<p>De acordo com Queiroga, o Minist\u00e9rio da Sa\u00fade est\u00e1 monitorando o impacto da variante Darwin, como tem sido chamada. Tamb\u00e9m est\u00e3o sendo analisados os casos de \u201cflurona\u201d, quando h\u00e1 infec\u00e7\u00e3o por coronav\u00edrus e H3N2 ao mesmo tempo.<\/p>\n\n\n\n<p>O secret\u00e1rio-executivo da pasta, Rodrigo Cruz, disse em seu perfil no Twitter que v\u00e1rios Estados v\u00eam registrando casos da nova cepa. Ele tamb\u00e9m destacou que os cuidados com a sa\u00fade devem ser priorizados. \u201cO uso de m\u00e1scaras, a higieniza\u00e7\u00e3o das m\u00e3os ainda \u00e9 sumariamente importante\u201d, disse Cruz.<\/p>\n\n\n\n<p><strong>Poder 360<\/strong><\/p>\n\n\n\n<p>\u00a0FOTO: SErgio Lima\/Poder360 05.jan.2022<\/p>\n","protected":false},"excerpt":{"rendered":"<p>O ministro da Sa\u00fade, Marcelo Queiroga, disse que as vacinas contra a nova cepa do v\u00edrus influenza A, H3N2, devem chegar no pa\u00eds em mar\u00e7o. A declara\u00e7\u00e3o foi dada nesta 4\u00aa feira (5.jan.2022), durante coletiva de imprensa sobre a vacina\u00e7\u00e3o de crian\u00e7as de 5 a 11 anos contra covid-19. De acordo com Queiroga, o Minist\u00e9rio [&hellip;]<\/p>\n","protected":false},"author":1,"featured_media":6375,"comment_status":"closed","ping_status":"closed","sticky":false,"template":"","format":"standard","meta":{"footnotes":""},"categories":[3,4,5],"tags":[],"class_list":["post-6374","post","type-post","status-publish","format-standard","has-post-thumbnail","hentry","category-destaque","category-locais","category-noticias"],"aioseo_notices":[],"_links":{"self":[{"href":"https:\/\/sertaneja95fm.com.br\/sited\/wp-json\/wp\/v2\/posts\/6374","targetHints":{"allow":["GET"]}}],"collection":[{"href":"https:\/\/sertaneja95fm.com.br\/sited\/wp-json\/wp\/v2\/posts"}],"about":[{"href":"https:\/\/sertaneja95fm.com.br\/sited\/wp-json\/wp\/v2\/types\/post"}],"author":[{"embeddable":true,"href":"https:\/\/sertaneja95fm.com.br\/sited\/wp-json\/wp\/v2\/users\/1"}],"replies":[{"embeddable":true,"href":"https:\/\/sertaneja95fm.com.br\/sited\/wp-json\/wp\/v2\/comments?post=6374"}],"version-history":[{"count":0,"href":"https:\/\/sertaneja95fm.com.br\/sited\/wp-json\/wp\/v2\/posts\/6374\/revisions"}],"wp:featuredmedia":[{"embeddable":true,"href":"https:\/\/sertaneja95fm.com.br\/sited\/wp-json\/"}],"wp:attachment":[{"href":"https:\/\/sertaneja95fm.com.br\/sited\/wp-json\/wp\/v2\/media?parent=6374"}],"wp:term":[{"taxonomy":"category","embeddable":true,"href":"https:\/\/sertaneja95fm.com.br\/sited\/wp-json\/wp\/v2\/categories?post=6374"},{"taxonomy":"post_tag","embeddable":true,"href":"https:\/\/sertaneja95fm.com.br\/sited\/wp-json\/wp\/v2\/tags?post=6374"}],"curies":[{"name":"wp","href":"https:\/\/api.w.org\/{rel}","templated":true}]}}