{"id":6377,"date":"2022-01-06T08:16:39","date_gmt":"2022-01-06T11:16:39","guid":{"rendered":"https:\/\/sertaneja95fm.com.br\/?p=6377"},"modified":"2022-01-06T08:16:39","modified_gmt":"2022-01-06T11:16:39","slug":"carnaval-de-rua-e-suspenso-no-recife-e-pode-ser-realizado-em-outro-periodo-de-2022-em-caso-de-reducao-de-registros-de-gripe-e-covid","status":"publish","type":"post","link":"https:\/\/sertaneja95fm.com.br\/sited\/carnaval-de-rua-e-suspenso-no-recife-e-pode-ser-realizado-em-outro-periodo-de-2022-em-caso-de-reducao-de-registros-de-gripe-e-covid\/","title":{"rendered":"Carnaval de rua \u00e9 suspenso no Recife e pode ser realizado em outro per\u00edodo de 2022 em caso de redu\u00e7\u00e3o de registros de gripe e Covid"},"content":{"rendered":"\n<p>O carnaval de rua de 2022 foi suspenso por tempo indeterminado no Recife. Por causa da dissemina\u00e7\u00e3o da&nbsp;Covid-19 e, principalmente, da alta nos casos de influenza, a festa, que aconteceria entre 25 de fevereiro e 5 de mar\u00e7o, poder\u00e1 ser realizada em outra data.<\/p>\n\n\n\n<p>Segundo informa\u00e7\u00f5es repassadas pela prefeitura, nesta quarta (5), para realizar os festejos em outro per\u00edodo, \u00e9 preciso que a vacina\u00e7\u00e3o avance e se chegue a uma situa\u00e7\u00e3o sanit\u00e1ria que garanta a seguran\u00e7a da popula\u00e7\u00e3o. A libera\u00e7\u00e3o de desfiles de grupos carnavalescos segue sem defini\u00e7\u00e3o.<\/p>\n\n\n\n<p>Ainda de acordo com a prefeitura, o carnaval n\u00e3o ocorrer\u00e1 no per\u00edodo previsto, mas ser\u00e3o realizadas reuni\u00f5es para discutir com os setores econ\u00f4micos e culturais a possibilidade de realizar a festa em 2022.<\/p>\n\n\n\n<p>A prefeitura disse, por nota, que n\u00e3o apresenta aumento de casos de infec\u00e7\u00e3o em decorr\u00eancia do novo coronav\u00edrus, mas que o \u00edndice de casos di\u00e1rios confirmados para Influenza A H3N2 saltou de oito para 138 casos, entre os dias 13 e 29 de dezembro. Houve picos de at\u00e9 314 casos em um s\u00f3 dia, como em 27 de dezembro.<\/p>\n\n\n\n<p>\u201cO&nbsp;Recife&nbsp;enfrenta um crescimento expressivo de casos de gripe e entende, como sempre, que a prioridade deste de qualquer momento sempre ser\u00e1 a preserva\u00e7\u00e3o da sa\u00fade e da vida\u201d, informou o comunicado.<\/p>\n\n\n\n<p>A decis\u00e3o foi divulgada algumas horas ap\u00f3s o cancelamento do carnaval de&nbsp;Olinda, que \u00e9, com o do&nbsp;Recife, um dos mais famosos do Brasil.<\/p>\n\n\n\n<p>Por nota, o governo de Pernambuco reafirmou que s\u00f3 vai se posicionar sobre a realiza\u00e7\u00e3o ou n\u00e3o do carnaval na segunda quinzena do m\u00eas de janeiro.<\/p>\n\n\n\n<p>Em novembro do ano passado, o secret\u00e1rio estadual de Sa\u00fade, Andr\u00e9 Longo, afirmou que, a princ\u00edpio, o que pode valer para janeiro e fevereiro \u00e9 a defini\u00e7\u00e3o&nbsp;dos eventos limitados a 7,5 mil pessoas&nbsp;com controle vacinal de 100% do p\u00fablico.<\/p>\n\n\n\n<p><strong>g1<\/strong><\/p>\n\n\n\n<p>Foto: Arnaldo Carvalho\/Acervo JC Imagem<\/p>\n","protected":false},"excerpt":{"rendered":"<p>O carnaval de rua de 2022 foi suspenso por tempo indeterminado no Recife. Por causa da dissemina\u00e7\u00e3o da&nbsp;Covid-19 e, principalmente, da alta nos casos de influenza, a festa, que aconteceria entre 25 de fevereiro e 5 de mar\u00e7o, poder\u00e1 ser realizada em outra data. Segundo informa\u00e7\u00f5es repassadas pela prefeitura, nesta quarta (5), para realizar os [&hellip;]<\/p>\n","protected":false},"author":1,"featured_media":6378,"comment_status":"closed","ping_status":"closed","sticky":false,"template":"","format":"standard","meta":{"footnotes":""},"categories":[3,4,5,8],"tags":[],"class_list":["post-6377","post","type-post","status-publish","format-standard","has-post-thumbnail","hentry","category-destaque","category-locais","category-noticias","category-ultimas"],"aioseo_notices":[],"_links":{"self":[{"href":"https:\/\/sertaneja95fm.com.br\/sited\/wp-json\/wp\/v2\/posts\/6377","targetHints":{"allow":["GET"]}}],"collection":[{"href":"https:\/\/sertaneja95fm.com.br\/sited\/wp-json\/wp\/v2\/posts"}],"about":[{"href":"https:\/\/sertaneja95fm.com.br\/sited\/wp-json\/wp\/v2\/types\/post"}],"author":[{"embeddable":true,"href":"https:\/\/sertaneja95fm.com.br\/sited\/wp-json\/wp\/v2\/users\/1"}],"replies":[{"embeddable":true,"href":"https:\/\/sertaneja95fm.com.br\/sited\/wp-json\/wp\/v2\/comments?post=6377"}],"version-history":[{"count":0,"href":"https:\/\/sertaneja95fm.com.br\/sited\/wp-json\/wp\/v2\/posts\/6377\/revisions"}],"wp:featuredmedia":[{"embeddable":true,"href":"https:\/\/sertaneja95fm.com.br\/sited\/wp-json\/"}],"wp:attachment":[{"href":"https:\/\/sertaneja95fm.com.br\/sited\/wp-json\/wp\/v2\/media?parent=6377"}],"wp:term":[{"taxonomy":"category","embeddable":true,"href":"https:\/\/sertaneja95fm.com.br\/sited\/wp-json\/wp\/v2\/categories?post=6377"},{"taxonomy":"post_tag","embeddable":true,"href":"https:\/\/sertaneja95fm.com.br\/sited\/wp-json\/wp\/v2\/tags?post=6377"}],"curies":[{"name":"wp","href":"https:\/\/api.w.org\/{rel}","templated":true}]}}