{"id":6380,"date":"2022-01-06T08:23:06","date_gmt":"2022-01-06T11:23:06","guid":{"rendered":"https:\/\/sertaneja95fm.com.br\/?p=6380"},"modified":"2022-01-06T08:23:06","modified_gmt":"2022-01-06T11:23:06","slug":"tse-divulga-calendario-oficial-das-eleicoes-de-2022-confira-datas","status":"publish","type":"post","link":"https:\/\/sertaneja95fm.com.br\/sited\/tse-divulga-calendario-oficial-das-eleicoes-de-2022-confira-datas\/","title":{"rendered":"TSE divulga calend\u00e1rio oficial das elei\u00e7\u00f5es de 2022; confira datas"},"content":{"rendered":"\n<p>Com o come\u00e7o do ano em que haver\u00e1 elei\u00e7\u00f5es, inicia-se uma sucess\u00e3o de etapas e procedimentos que culminar\u00e3o na elei\u00e7\u00e3o de&nbsp;<strong>2 de outubro<\/strong>, data do primeiro turno, quando milh\u00f5es de brasileiros devem ir \u00e0s urnas para a escolha de presidente, governadores, senadores e deputados federais, estaduais e distritais.<\/p>\n\n\n\n<p>Pelo calend\u00e1rio oficial aprovado pelo Tribunal Superior Eleitoral (TSE), o segundo turno ocorre em&nbsp;<strong>30 de outubro<\/strong>, caso nenhum dos candidatos a presidente alcance a maioria absoluta dos votos v\u00e1lidos (exclu\u00eddos brancos e nulos). O mesmo ocorre nas disputas para o cargo de governador.<\/p>\n\n\n\n<p>J\u00e1 desde&nbsp;<strong>1\u00ba de janeiro<\/strong>, as pesquisas eleitorais precisam ser devidamente registradas junto \u00e0 Justi\u00e7a Eleitoral, e os \u00f3rg\u00e3os p\u00fablicos t\u00eam limitadas as despesas com publicidade, por exemplo. H\u00e1 tamb\u00e9m restri\u00e7\u00f5es quanto \u00e0 distribui\u00e7\u00e3o gratuita de bens e valores aos cidad\u00e3os e cidad\u00e3s.<\/p>\n\n\n\n<p>A campanha eleitoral com com\u00edcios, distribui\u00e7\u00e3o de material gr\u00e1fico, propagandas na internet e caminhadas dever\u00e1 ocorrer a partir de&nbsp;<strong>16 de agosto<\/strong>. J\u00e1 as pe\u00e7as publicit\u00e1rias em hor\u00e1rio gratuito de r\u00e1dio e televis\u00e3o ficam liberadas entre&nbsp;<strong>26 de agosto e 29 de setembro<\/strong>.<\/p>\n\n\n\n<p>Entre as datas mais importantes para os candidatos est\u00e1 a janela partid\u00e1ria, entre&nbsp;<strong>3 de mar\u00e7o e 1\u00b0 de abril<\/strong>. Esse \u00e9 o \u00fanico per\u00edodo em que parlamentares podem mudar de partido livremente, sem correr o risco de perder o mandato.<\/p>\n\n\n\n<p>Outra data importante \u00e9&nbsp;<strong>2 de abril<\/strong>, exatamente seis meses antes da elei\u00e7\u00e3o. Essa \u00e9 a data limite para que todos os candidatos estejam devidamente filiados aos partidos pelos quais pretendem concorrer.<\/p>\n\n\n\n<p>O&nbsp;<strong>2 de abril<\/strong>&nbsp;\u00e9 tamb\u00e9m a data a partir da qual os ocupantes de cargos majorit\u00e1rios \u2013 presidente, governadores e prefeitos \u2013 renunciarem aos mandatos caso queiram concorrer a cargo diferente do que j\u00e1 ocupam.<\/p>\n\n\n\n<p>As conven\u00e7\u00f5es partid\u00e1rias devem ocorrer entre&nbsp;<strong>20 de julho e 5 de agosto<\/strong>, quando todas as legendas devem oficializar a escolha de seus candidatos. Os registros de todas as candidaturas devem ser solicitados at\u00e9&nbsp;<strong>15 de agosto<\/strong>.<\/p>\n\n\n\n<p>No caso do eleitor, uma das datas a que se deve ficar mais atento \u00e9 o&nbsp;<strong>4 de maio<\/strong>, quando se encerra o prazo para emitir ou transferir o t\u00edtulo de eleitor. Em&nbsp;<strong>11 de julho<\/strong>, a Justi\u00e7a Eleitoral deve divulgar quantos cidad\u00e3os encontram-se aptos a votar. O n\u00famero serve de base para o c\u00e1lculo do limite de gastos na campanha.<\/p>\n\n\n\n<p>O calend\u00e1rio completo, com todas as etapas at\u00e9 a diploma\u00e7\u00e3o dos eleitos, m\u00eas a m\u00eas, pode ser conferido&nbsp;<a href=\"https:\/\/www.tse.jus.br\/eleicoes\/calendario-eleitoral\/calendario-eleitoral\" target=\"_blank\" rel=\"noreferrer noopener\">no portal do TSE<\/a>.<\/p>\n\n\n\n<p><strong>Ag\u00eancia Brasil<\/strong><\/p>\n","protected":false},"excerpt":{"rendered":"<p>Com o come\u00e7o do ano em que haver\u00e1 elei\u00e7\u00f5es, inicia-se uma sucess\u00e3o de etapas e procedimentos que culminar\u00e3o na elei\u00e7\u00e3o de&nbsp;2 de outubro, data do primeiro turno, quando milh\u00f5es de brasileiros devem ir \u00e0s urnas para a escolha de presidente, governadores, senadores e deputados federais, estaduais e distritais. Pelo calend\u00e1rio oficial aprovado pelo Tribunal Superior [&hellip;]<\/p>\n","protected":false},"author":1,"featured_media":6381,"comment_status":"closed","ping_status":"closed","sticky":false,"template":"","format":"standard","meta":{"footnotes":""},"categories":[3,4,5,8],"tags":[],"class_list":["post-6380","post","type-post","status-publish","format-standard","has-post-thumbnail","hentry","category-destaque","category-locais","category-noticias","category-ultimas"],"aioseo_notices":[],"_links":{"self":[{"href":"https:\/\/sertaneja95fm.com.br\/sited\/wp-json\/wp\/v2\/posts\/6380","targetHints":{"allow":["GET"]}}],"collection":[{"href":"https:\/\/sertaneja95fm.com.br\/sited\/wp-json\/wp\/v2\/posts"}],"about":[{"href":"https:\/\/sertaneja95fm.com.br\/sited\/wp-json\/wp\/v2\/types\/post"}],"author":[{"embeddable":true,"href":"https:\/\/sertaneja95fm.com.br\/sited\/wp-json\/wp\/v2\/users\/1"}],"replies":[{"embeddable":true,"href":"https:\/\/sertaneja95fm.com.br\/sited\/wp-json\/wp\/v2\/comments?post=6380"}],"version-history":[{"count":0,"href":"https:\/\/sertaneja95fm.com.br\/sited\/wp-json\/wp\/v2\/posts\/6380\/revisions"}],"wp:featuredmedia":[{"embeddable":true,"href":"https:\/\/sertaneja95fm.com.br\/sited\/wp-json\/"}],"wp:attachment":[{"href":"https:\/\/sertaneja95fm.com.br\/sited\/wp-json\/wp\/v2\/media?parent=6380"}],"wp:term":[{"taxonomy":"category","embeddable":true,"href":"https:\/\/sertaneja95fm.com.br\/sited\/wp-json\/wp\/v2\/categories?post=6380"},{"taxonomy":"post_tag","embeddable":true,"href":"https:\/\/sertaneja95fm.com.br\/sited\/wp-json\/wp\/v2\/tags?post=6380"}],"curies":[{"name":"wp","href":"https:\/\/api.w.org\/{rel}","templated":true}]}}