{"id":6393,"date":"2022-01-18T15:54:16","date_gmt":"2022-01-18T18:54:16","guid":{"rendered":"https:\/\/sertaneja95fm.com.br\/?p=6393"},"modified":"2022-01-18T15:54:16","modified_gmt":"2022-01-18T18:54:16","slug":"secretario-estadual-de-saude-visita-currais-novos-e-anuncia-investimentos","status":"publish","type":"post","link":"https:\/\/sertaneja95fm.com.br\/sited\/secretario-estadual-de-saude-visita-currais-novos-e-anuncia-investimentos\/","title":{"rendered":"SECRET\u00c1RIO ESTADUAL DE SA\u00daDE VISITA CURRAIS NOVOS E ANUNCIA INVESTIMENTOS"},"content":{"rendered":"\n<p>Na manh\u00e3 desta ter\u00e7a-feira (18), os Secret\u00e1rios de&nbsp; Estado, Cipriano Maia (Sa\u00fade) e Gustavo Coelho (Infraestrutura)<br>visitaram a cidade de Currais Novos e ao lado do Prefeito Odon J\u00fanior e da Vice-prefeita Ana Albuquerque, anunciaram investimentos na \u00e1rea da sa\u00fade.<\/p>\n\n\n\n<p>No Hospital Regional Mariano Coelho,&nbsp; anunciaram a abertura do Edital de Licita\u00e7\u00e3o da obra que ir\u00e1 implantar um Banco de Leite Humano, um investimento de cerca de 480 mil reais do Governo do Estado.<\/p>\n\n\n\n<p>Participaram ainda do encontro, a Secret\u00e1ria Municipal de Sa\u00fade, Alana Moraes; os Diretores do Hospital, Ligia Daiana e Dr. Handerson; a enfermeira e servidora do Hospital, primeira dama Thaise Ara\u00fajo.<\/p>\n\n\n\n<p>Ainda em Currais Novos, a comitiva seguiu para uma visita a UBS Santa Maria Gorete, onde o Governo do Estado est\u00e1 avaliando o espa\u00e7o para a implanta\u00e7\u00e3o de uma Policl\u00ednica Regional, a\u00e7\u00e3o que est\u00e1 sendo liderada pelo Governo do Estado junto as Prefeituras da Regi\u00e3o do Serid\u00f3.<\/p>\n\n\n\n<p>&#8220;Mais um importante investimento do Governo do Estado para nossa cidade e regi\u00e3o, especialmente para a sa\u00fade materno infantil. Agradecemos mais uma vez a Governadora F\u00e1tima pelos investimentos e ao Deputado estadual Francisco do PT, por mais essa solicita\u00e7\u00e3o que ser\u00e1 de grande import\u00e2ncia&#8221;, comentou o Prefeito Odon J\u00fanior.<\/p>\n\n\n\n<p>ASSECOM<\/p>\n\n\n\n<p>FOTO : MAZILTON GALV\u00c3O <\/p>\n","protected":false},"excerpt":{"rendered":"<p>Na manh\u00e3 desta ter\u00e7a-feira (18), os Secret\u00e1rios de&nbsp; Estado, Cipriano Maia (Sa\u00fade) e Gustavo Coelho (Infraestrutura)visitaram a cidade de Currais Novos e ao lado do Prefeito Odon J\u00fanior e da Vice-prefeita Ana Albuquerque, anunciaram investimentos na \u00e1rea da sa\u00fade. No Hospital Regional Mariano Coelho,&nbsp; anunciaram a abertura do Edital de Licita\u00e7\u00e3o da obra que ir\u00e1 [&hellip;]<\/p>\n","protected":false},"author":1,"featured_media":6394,"comment_status":"closed","ping_status":"closed","sticky":false,"template":"","format":"standard","meta":{"footnotes":""},"categories":[3,4,5,6,8],"tags":[],"class_list":["post-6393","post","type-post","status-publish","format-standard","has-post-thumbnail","hentry","category-destaque","category-locais","category-noticias","category-podcasts","category-ultimas"],"aioseo_notices":[],"_links":{"self":[{"href":"https:\/\/sertaneja95fm.com.br\/sited\/wp-json\/wp\/v2\/posts\/6393","targetHints":{"allow":["GET"]}}],"collection":[{"href":"https:\/\/sertaneja95fm.com.br\/sited\/wp-json\/wp\/v2\/posts"}],"about":[{"href":"https:\/\/sertaneja95fm.com.br\/sited\/wp-json\/wp\/v2\/types\/post"}],"author":[{"embeddable":true,"href":"https:\/\/sertaneja95fm.com.br\/sited\/wp-json\/wp\/v2\/users\/1"}],"replies":[{"embeddable":true,"href":"https:\/\/sertaneja95fm.com.br\/sited\/wp-json\/wp\/v2\/comments?post=6393"}],"version-history":[{"count":0,"href":"https:\/\/sertaneja95fm.com.br\/sited\/wp-json\/wp\/v2\/posts\/6393\/revisions"}],"wp:featuredmedia":[{"embeddable":true,"href":"https:\/\/sertaneja95fm.com.br\/sited\/wp-json\/"}],"wp:attachment":[{"href":"https:\/\/sertaneja95fm.com.br\/sited\/wp-json\/wp\/v2\/media?parent=6393"}],"wp:term":[{"taxonomy":"category","embeddable":true,"href":"https:\/\/sertaneja95fm.com.br\/sited\/wp-json\/wp\/v2\/categories?post=6393"},{"taxonomy":"post_tag","embeddable":true,"href":"https:\/\/sertaneja95fm.com.br\/sited\/wp-json\/wp\/v2\/tags?post=6393"}],"curies":[{"name":"wp","href":"https:\/\/api.w.org\/{rel}","templated":true}]}}