{"id":6397,"date":"2022-01-20T08:42:20","date_gmt":"2022-01-20T11:42:20","guid":{"rendered":"https:\/\/sertaneja95fm.com.br\/?p=6397"},"modified":"2022-01-20T08:42:20","modified_gmt":"2022-01-20T11:42:20","slug":"ans-obriga-planos-de-saude-a-cobrir-testes-rapidos-de-covid","status":"publish","type":"post","link":"https:\/\/sertaneja95fm.com.br\/sited\/ans-obriga-planos-de-saude-a-cobrir-testes-rapidos-de-covid\/","title":{"rendered":"ANS obriga planos de sa\u00fade a cobrir testes r\u00e1pidos de covid&#8230;"},"content":{"rendered":"\n<p>A ANS decidiu, nesta 4\u00aa feira (19.jan.2022), que os planos de sa\u00fade ser\u00e3o obrigados a cobrir testes r\u00e1pidos de covid-19. A decis\u00e3o foi tomada pela diretoria colegiada da institui\u00e7\u00e3o depois de recomenda\u00e7\u00e3o de sua comiss\u00e3o t\u00e9cnica de assessoramento para atualiza\u00e7\u00e3o do rol de procedimentos obrigat\u00f3rios. A previs\u00e3o \u00e9 que a nova diretriz seja publicada no Di\u00e1rio Oficial da Uni\u00e3o na 5\u00aa feira (20.jan.2021), quando entrar\u00e1 em vig\u00eancia. Poder\u00e3o realizar os exames pessoas com s\u00edndrome gripal ou s\u00edndrome respirat\u00f3ria aguda grave (SRAG), entre o 1\u00ba e o 7\u00ba dia desde o in\u00edcio dos sintomas&#8230;.<\/p>\n\n\n\n<p>N\u00e3o ter\u00e3o cobertura pelos planos de sa\u00fade pessoas que: entraram em contato com indiv\u00edduos com covid-19, mas n\u00e3o apresentam sintomas; tiveram resultado positivo para covid-19 nos \u00faltimos 30 dias; queiram fazer o teste para rastreamento da doen\u00e7a, retorno ao trabalho, saber se est\u00e3o curadas ou suspender o isolamento; crian\u00e7as menores de 2 anos. Os pedidos m\u00e9dicos que obede\u00e7am \u00e0s diretrizes de utiliza\u00e7\u00e3o aprovadas pela ANS dever\u00e3o ser autorizados imediatamente pelos planos&#8230;.<\/p>\n\n\n\n<p><\/p>\n\n\n\n<p>PODER 360<\/p>\n","protected":false},"excerpt":{"rendered":"<p>A ANS decidiu, nesta 4\u00aa feira (19.jan.2022), que os planos de sa\u00fade ser\u00e3o obrigados a cobrir testes r\u00e1pidos de covid-19. A decis\u00e3o foi tomada pela diretoria colegiada da institui\u00e7\u00e3o depois de recomenda\u00e7\u00e3o de sua comiss\u00e3o t\u00e9cnica de assessoramento para atualiza\u00e7\u00e3o do rol de procedimentos obrigat\u00f3rios. A previs\u00e3o \u00e9 que a nova diretriz seja publicada no [&hellip;]<\/p>\n","protected":false},"author":1,"featured_media":6398,"comment_status":"closed","ping_status":"closed","sticky":false,"template":"","format":"standard","meta":{"footnotes":""},"categories":[3,4,5,8],"tags":[],"class_list":["post-6397","post","type-post","status-publish","format-standard","has-post-thumbnail","hentry","category-destaque","category-locais","category-noticias","category-ultimas"],"aioseo_notices":[],"_links":{"self":[{"href":"https:\/\/sertaneja95fm.com.br\/sited\/wp-json\/wp\/v2\/posts\/6397","targetHints":{"allow":["GET"]}}],"collection":[{"href":"https:\/\/sertaneja95fm.com.br\/sited\/wp-json\/wp\/v2\/posts"}],"about":[{"href":"https:\/\/sertaneja95fm.com.br\/sited\/wp-json\/wp\/v2\/types\/post"}],"author":[{"embeddable":true,"href":"https:\/\/sertaneja95fm.com.br\/sited\/wp-json\/wp\/v2\/users\/1"}],"replies":[{"embeddable":true,"href":"https:\/\/sertaneja95fm.com.br\/sited\/wp-json\/wp\/v2\/comments?post=6397"}],"version-history":[{"count":0,"href":"https:\/\/sertaneja95fm.com.br\/sited\/wp-json\/wp\/v2\/posts\/6397\/revisions"}],"wp:featuredmedia":[{"embeddable":true,"href":"https:\/\/sertaneja95fm.com.br\/sited\/wp-json\/"}],"wp:attachment":[{"href":"https:\/\/sertaneja95fm.com.br\/sited\/wp-json\/wp\/v2\/media?parent=6397"}],"wp:term":[{"taxonomy":"category","embeddable":true,"href":"https:\/\/sertaneja95fm.com.br\/sited\/wp-json\/wp\/v2\/categories?post=6397"},{"taxonomy":"post_tag","embeddable":true,"href":"https:\/\/sertaneja95fm.com.br\/sited\/wp-json\/wp\/v2\/tags?post=6397"}],"curies":[{"name":"wp","href":"https:\/\/api.w.org\/{rel}","templated":true}]}}