{"id":6404,"date":"2022-01-24T07:55:34","date_gmt":"2022-01-24T10:55:34","guid":{"rendered":"https:\/\/sertaneja95fm.com.br\/?p=6404"},"modified":"2022-01-24T07:55:34","modified_gmt":"2022-01-24T10:55:34","slug":"bolsonaro-visita-em-fevereiro-obra-que-trara-aguas-do-sao-francisco-para-o-rn","status":"publish","type":"post","link":"https:\/\/sertaneja95fm.com.br\/sited\/bolsonaro-visita-em-fevereiro-obra-que-trara-aguas-do-sao-francisco-para-o-rn\/","title":{"rendered":"Bolsonaro visita em fevereiro obra que trar\u00e1 \u00e1guas do S\u00e3o Francisco para o RN"},"content":{"rendered":"\n<p>O presidente Jair Bolsonaro (PL) confirmou que visitar\u00e1 o Nordeste no dia 9 de fevereiro para o evento que marca a chegada das \u00e1guas da transposi\u00e7\u00e3o do rio S\u00e3o Francisco ao Rio Grande do Norte.<\/p>\n\n\n\n<p>\u201cNo pr\u00f3ximo dia 9 de fevereiro l\u00e1 estarei. Obrigado, meu Nordeste\u201d, escreveu Bolsonaro.<\/p>\n\n\n\n<p>Apesar de n\u00e3o confirmar agenda oficial em potiguar, ao que tudo indica, ele tamb\u00e9m estar\u00e1 no RN acompanhado dos ministros potiguares F\u00e1bio Faria e Rog\u00e9rio Marinho.<\/p>\n\n\n\n<p><\/p>\n\n\n\n<p>BG<\/p>\n\n\n\n<p>FOTO :  BLOG DO BG <\/p>\n\n\n\n<p><\/p>\n\n\n\n<p><\/p>\n\n\n\n<p><\/p>\n","protected":false},"excerpt":{"rendered":"<p>O presidente Jair Bolsonaro (PL) confirmou que visitar\u00e1 o Nordeste no dia 9 de fevereiro para o evento que marca a chegada das \u00e1guas da transposi\u00e7\u00e3o do rio S\u00e3o Francisco ao Rio Grande do Norte. \u201cNo pr\u00f3ximo dia 9 de fevereiro l\u00e1 estarei. Obrigado, meu Nordeste\u201d, escreveu Bolsonaro. Apesar de n\u00e3o confirmar agenda oficial em [&hellip;]<\/p>\n","protected":false},"author":1,"featured_media":6405,"comment_status":"closed","ping_status":"closed","sticky":false,"template":"","format":"standard","meta":{"footnotes":""},"categories":[3,4,5,8],"tags":[],"class_list":["post-6404","post","type-post","status-publish","format-standard","has-post-thumbnail","hentry","category-destaque","category-locais","category-noticias","category-ultimas"],"aioseo_notices":[],"_links":{"self":[{"href":"https:\/\/sertaneja95fm.com.br\/sited\/wp-json\/wp\/v2\/posts\/6404","targetHints":{"allow":["GET"]}}],"collection":[{"href":"https:\/\/sertaneja95fm.com.br\/sited\/wp-json\/wp\/v2\/posts"}],"about":[{"href":"https:\/\/sertaneja95fm.com.br\/sited\/wp-json\/wp\/v2\/types\/post"}],"author":[{"embeddable":true,"href":"https:\/\/sertaneja95fm.com.br\/sited\/wp-json\/wp\/v2\/users\/1"}],"replies":[{"embeddable":true,"href":"https:\/\/sertaneja95fm.com.br\/sited\/wp-json\/wp\/v2\/comments?post=6404"}],"version-history":[{"count":0,"href":"https:\/\/sertaneja95fm.com.br\/sited\/wp-json\/wp\/v2\/posts\/6404\/revisions"}],"wp:featuredmedia":[{"embeddable":true,"href":"https:\/\/sertaneja95fm.com.br\/sited\/wp-json\/"}],"wp:attachment":[{"href":"https:\/\/sertaneja95fm.com.br\/sited\/wp-json\/wp\/v2\/media?parent=6404"}],"wp:term":[{"taxonomy":"category","embeddable":true,"href":"https:\/\/sertaneja95fm.com.br\/sited\/wp-json\/wp\/v2\/categories?post=6404"},{"taxonomy":"post_tag","embeddable":true,"href":"https:\/\/sertaneja95fm.com.br\/sited\/wp-json\/wp\/v2\/tags?post=6404"}],"curies":[{"name":"wp","href":"https:\/\/api.w.org\/{rel}","templated":true}]}}