{"id":6443,"date":"2022-02-02T08:49:48","date_gmt":"2022-02-02T11:49:48","guid":{"rendered":"https:\/\/sertaneja95fm.com.br\/?p=6443"},"modified":"2022-02-02T08:49:48","modified_gmt":"2022-02-02T11:49:48","slug":"omicron-comeca-a-perder-forca-em-5-estados-mas-segue-em-alta-no-rn","status":"publish","type":"post","link":"https:\/\/sertaneja95fm.com.br\/sited\/omicron-comeca-a-perder-forca-em-5-estados-mas-segue-em-alta-no-rn\/","title":{"rendered":"\u00d4micron come\u00e7a a perder for\u00e7a em 5 estados, mas segue em alta no RN"},"content":{"rendered":"\n<p>Dois meses depois dos primeiros casos de \u00d4micron no Brasil, surgem os primeiros estados com sinais de arrefecimento de casos de Covid-19. No Rio de Janeiro e no Amazonas, as infec\u00e7\u00f5es por coronav\u00edrus come\u00e7am a cair, enquanto Acre, Goi\u00e1s e Rio Grande do Sul mostram certa estabilidade, com altas inferiores a 15%,&nbsp;par\u00e2metro usado em estat\u00edsticas internacionais para dimensionar o espalhamento de doen\u00e7as. Em 22 unidades da federa\u00e7\u00e3o, por\u00e9m, houve alta nos registros da \u00faltima semana em compara\u00e7\u00e3o com a anterior.<\/p>\n\n\n\n<p>Os dados s\u00e3o do cons\u00f3rcio de ve\u00edculos de imprensa. Levantamento do jornal O Globo comparou o total de casos de Covid-19 registrados entre 16 e 22 de janeiro com os n\u00fameros relativos \u00e0 semana de 23 a 29 de janeiro.<\/p>\n\n\n\n<p>A queda nos casos de Covid come\u00e7ou a ocorrer na semana passada. A mudan\u00e7a no percurso das curvas do Rio e Amazonas aponta para o que se tem visto no mundo: o \u00e1pice da \u00d4micron tem dura\u00e7\u00e3o curta, de aproximadamente dois meses. Depois do pico, os casos v\u00e3o diminuindo gradativamente. Os dois estados s\u00e3o portas de entrada de turistas no Brasil, o que pode explicar a dissemina\u00e7\u00e3o do v\u00edrus nessas regi\u00f5es.<\/p>\n\n\n\n<p>Como os estados est\u00e3o em momentos diferentes, o pa\u00eds precisa seguir em alerta. O pico no Brasil deve acontecer por volta da segunda semana de fevereiro.<\/p>\n\n\n\n<p>Na contram\u00e3o, h\u00e1 oito estados brasileiros que est\u00e3o na crista do tsunami, com um aumento superior a 100% na compara\u00e7\u00e3o entre duas \u00faltimas semanas. A maioria deles fica no Nordeste: Maranh\u00e3o (100,8%), Rio Grande do Norte (107%), Pernambuco (113,1%), Sergipe (140%) e Piau\u00ed (140,1%). H\u00e1 ainda Mato Grosso do Sul (108,5%) no Centro-Oeste, e o Amap\u00e1 (116,7%) e o Par\u00e1 (108,3%), no Norte.<\/p>\n\n\n\n<p>Com informa\u00e7\u00f5es do\u00a0<strong>O Globo<\/strong><\/p>\n\n\n\n<p><strong>Foto: Divulga\u00e7\u00e3o<\/strong><\/p>\n","protected":false},"excerpt":{"rendered":"<p>Dois meses depois dos primeiros casos de \u00d4micron no Brasil, surgem os primeiros estados com sinais de arrefecimento de casos de Covid-19. No Rio de Janeiro e no Amazonas, as infec\u00e7\u00f5es por coronav\u00edrus come\u00e7am a cair, enquanto Acre, Goi\u00e1s e Rio Grande do Sul mostram certa estabilidade, com altas inferiores a 15%,&nbsp;par\u00e2metro usado em estat\u00edsticas [&hellip;]<\/p>\n","protected":false},"author":1,"featured_media":6444,"comment_status":"closed","ping_status":"closed","sticky":false,"template":"","format":"standard","meta":{"footnotes":""},"categories":[3,4,5,8],"tags":[],"class_list":["post-6443","post","type-post","status-publish","format-standard","has-post-thumbnail","hentry","category-destaque","category-locais","category-noticias","category-ultimas"],"aioseo_notices":[],"_links":{"self":[{"href":"https:\/\/sertaneja95fm.com.br\/sited\/wp-json\/wp\/v2\/posts\/6443","targetHints":{"allow":["GET"]}}],"collection":[{"href":"https:\/\/sertaneja95fm.com.br\/sited\/wp-json\/wp\/v2\/posts"}],"about":[{"href":"https:\/\/sertaneja95fm.com.br\/sited\/wp-json\/wp\/v2\/types\/post"}],"author":[{"embeddable":true,"href":"https:\/\/sertaneja95fm.com.br\/sited\/wp-json\/wp\/v2\/users\/1"}],"replies":[{"embeddable":true,"href":"https:\/\/sertaneja95fm.com.br\/sited\/wp-json\/wp\/v2\/comments?post=6443"}],"version-history":[{"count":0,"href":"https:\/\/sertaneja95fm.com.br\/sited\/wp-json\/wp\/v2\/posts\/6443\/revisions"}],"wp:featuredmedia":[{"embeddable":true,"href":"https:\/\/sertaneja95fm.com.br\/sited\/wp-json\/"}],"wp:attachment":[{"href":"https:\/\/sertaneja95fm.com.br\/sited\/wp-json\/wp\/v2\/media?parent=6443"}],"wp:term":[{"taxonomy":"category","embeddable":true,"href":"https:\/\/sertaneja95fm.com.br\/sited\/wp-json\/wp\/v2\/categories?post=6443"},{"taxonomy":"post_tag","embeddable":true,"href":"https:\/\/sertaneja95fm.com.br\/sited\/wp-json\/wp\/v2\/tags?post=6443"}],"curies":[{"name":"wp","href":"https:\/\/api.w.org\/{rel}","templated":true}]}}