{"id":6448,"date":"2022-02-10T08:46:02","date_gmt":"2022-02-10T11:46:02","guid":{"rendered":"https:\/\/sertaneja95fm.com.br\/?p=6448"},"modified":"2022-02-10T08:46:02","modified_gmt":"2022-02-10T11:46:02","slug":"queiroga-critica-adocao-da-4a-dose-por-estados-e-municipios","status":"publish","type":"post","link":"https:\/\/sertaneja95fm.com.br\/sited\/queiroga-critica-adocao-da-4a-dose-por-estados-e-municipios\/","title":{"rendered":"Queiroga critica ado\u00e7\u00e3o da 4\u00aa dose por Estados e munic\u00edpios"},"content":{"rendered":"\n<p>O ministro da Sa\u00fade Marcelo Queiroga criticou nesta 4\u00aa feira (9.fev.2022) a decis\u00e3o de governadores e prefeitos de aplicarem a 4\u00aa dose da vacina contra a covid-19.<\/p>\n\n\n\n<p>\u201c\u00c9 fundamental avan\u00e7ar na dose de refor\u00e7o. A gente ouve \u2018ah, tem que aplicar uma 4\u00aa dose\u2019. Tem que avan\u00e7ar na dose de refor\u00e7o, isso sim, \u00e9 o que devemos fazer: nos unir para aplicar a dose de refor\u00e7o na popula\u00e7\u00e3o\u201d, disse Queiroga.<\/p>\n\n\n\n<p>A fala do ministro veio logo depois de o governador de S\u00e3o Paulo, Jo\u00e3o Doria (PSDB), dizer que o Estado adotaria a 4\u00aa dose \u201cindependentemente de haver ou n\u00e3o\u201d uma recomenda\u00e7\u00e3o do minist\u00e9rio. Al\u00e9m de S\u00e3o Paulo, munic\u00edpios do Rio de Janeiro tamb\u00e9m optaram pela aplica\u00e7\u00e3o da dose extra.<\/p>\n\n\n\n<p>\u201cO governador de S\u00e3o Paulo e outros chefes de Executivos, seja de estado e munic\u00edpio, muitas vezes eles interferem no processo decis\u00f3rio a respeito da imuniza\u00e7\u00e3o\u201d, afirmou o ministro da Sa\u00fade.<\/p>\n\n\n\n<p>Segundo Queiroga, ainda n\u00e3o h\u00e1 uma defini\u00e7\u00e3o sobre o assunto. Ele defendeu que a quest\u00e3o da 4\u00aa dose deve ser discutida no \u201c\u00e2mbito\u201d do Minist\u00e9rio da Sa\u00fade.<\/p>\n\n\n\n<p><strong>Poder360<\/strong><\/p>\n\n\n\n<p><strong>Foto: S\u00e9rgio Lima \/ Poder360<\/strong><\/p>\n","protected":false},"excerpt":{"rendered":"<p>O ministro da Sa\u00fade Marcelo Queiroga criticou nesta 4\u00aa feira (9.fev.2022) a decis\u00e3o de governadores e prefeitos de aplicarem a 4\u00aa dose da vacina contra a covid-19. \u201c\u00c9 fundamental avan\u00e7ar na dose de refor\u00e7o. A gente ouve \u2018ah, tem que aplicar uma 4\u00aa dose\u2019. Tem que avan\u00e7ar na dose de refor\u00e7o, isso sim, \u00e9 o [&hellip;]<\/p>\n","protected":false},"author":1,"featured_media":6449,"comment_status":"closed","ping_status":"closed","sticky":false,"template":"","format":"standard","meta":{"footnotes":""},"categories":[3,4,5,8],"tags":[],"class_list":["post-6448","post","type-post","status-publish","format-standard","has-post-thumbnail","hentry","category-destaque","category-locais","category-noticias","category-ultimas"],"aioseo_notices":[],"_links":{"self":[{"href":"https:\/\/sertaneja95fm.com.br\/sited\/wp-json\/wp\/v2\/posts\/6448","targetHints":{"allow":["GET"]}}],"collection":[{"href":"https:\/\/sertaneja95fm.com.br\/sited\/wp-json\/wp\/v2\/posts"}],"about":[{"href":"https:\/\/sertaneja95fm.com.br\/sited\/wp-json\/wp\/v2\/types\/post"}],"author":[{"embeddable":true,"href":"https:\/\/sertaneja95fm.com.br\/sited\/wp-json\/wp\/v2\/users\/1"}],"replies":[{"embeddable":true,"href":"https:\/\/sertaneja95fm.com.br\/sited\/wp-json\/wp\/v2\/comments?post=6448"}],"version-history":[{"count":0,"href":"https:\/\/sertaneja95fm.com.br\/sited\/wp-json\/wp\/v2\/posts\/6448\/revisions"}],"wp:featuredmedia":[{"embeddable":true,"href":"https:\/\/sertaneja95fm.com.br\/sited\/wp-json\/"}],"wp:attachment":[{"href":"https:\/\/sertaneja95fm.com.br\/sited\/wp-json\/wp\/v2\/media?parent=6448"}],"wp:term":[{"taxonomy":"category","embeddable":true,"href":"https:\/\/sertaneja95fm.com.br\/sited\/wp-json\/wp\/v2\/categories?post=6448"},{"taxonomy":"post_tag","embeddable":true,"href":"https:\/\/sertaneja95fm.com.br\/sited\/wp-json\/wp\/v2\/tags?post=6448"}],"curies":[{"name":"wp","href":"https:\/\/api.w.org\/{rel}","templated":true}]}}