{"id":6451,"date":"2022-02-10T08:50:46","date_gmt":"2022-02-10T11:50:46","guid":{"rendered":"https:\/\/sertaneja95fm.com.br\/?p=6451"},"modified":"2022-02-10T08:50:46","modified_gmt":"2022-02-10T11:50:46","slug":"governo-apresenta-garantias-solicitadas-por-policiais-civis-e-diz-que-sindicato-insistem-em-manter-a-greve","status":"publish","type":"post","link":"https:\/\/sertaneja95fm.com.br\/sited\/governo-apresenta-garantias-solicitadas-por-policiais-civis-e-diz-que-sindicato-insistem-em-manter-a-greve\/","title":{"rendered":"Governo apresenta garantias solicitadas por policiais civis e diz que sindicato insistem em manter a greve"},"content":{"rendered":"\n<p>Ap\u00f3s mais uma garantia por parte do Governo do Estado de que n\u00e3o haver\u00e1 redu\u00e7\u00e3o nos vencimentos e direitos dos delegados, agentes e escriv\u00e3es da Pol\u00edcia Civil, em audi\u00eancia na noite desta quarta-feira (9), as categorias foram irredut\u00edveis. Houve a apresenta\u00e7\u00e3o de uma proposta de Lei Complementar para incorpora\u00e7\u00e3o dos adicionais por tempo de servi\u00e7o aos sal\u00e1rios, mas as representa\u00e7\u00f5es da categoria apresentam nova reivindica\u00e7\u00e3o que implica em aumento das remunera\u00e7\u00f5es e abandonaram a mesa de negocia\u00e7\u00e3o.<\/p>\n\n\n\n<p>\u201cN\u00f3s provamos, tanto na nossa a\u00e7\u00e3o do Tribunal de Justi\u00e7a como na apresenta\u00e7\u00e3o do projeto na minuta exposta hoje, de envio de um projeto de lei, que n\u00e3o existe essa amea\u00e7a de redu\u00e7\u00e3o dos vencimentos\u201d, afirmou o vice-governador Antenor Roberto, em reuni\u00e3o com os representantes dos sindicatos dos delegados, Tha\u00eds Aires, dos agentes, Edilza Faustino e da associa\u00e7\u00e3o dos escriv\u00e3es, Priscila Vieira.<\/p>\n\n\n\n<p>Antenor Roberto refor\u00e7ou que o esp\u00edrito do Governo do Estado \u00e9 de di\u00e1logo, de defesa do policial civil e \u201choje, nesse esp\u00edrito de negocia\u00e7\u00e3o, a tentativa \u00e9 de preservar a categoria de medidas que os pr\u00f3prios \u00f3rg\u00e3os de controle est\u00e3o exigindo do governo\u201d.<\/p>\n\n\n\n<p>\u201cSe nenhum direito de voc\u00eas est\u00e1 sendo tirado, qual a raz\u00e3o dessa greve?\u201d, questionou o vice-governador na tentativa que fosse feito em mesa os apontamentos de ajustes necess\u00e1rios \u00e0 reda\u00e7\u00e3o da proposta do projeto de lei rejeitado pela categoria. Apesar do espa\u00e7o aberto \u00e0s eventuais modifica\u00e7\u00f5es na reda\u00e7\u00e3o do Projeto de Lei Complementar, as representa\u00e7\u00f5es se levantaram e abandonaram a mesa de negocia\u00e7\u00e3o.<\/p>\n\n\n\n<p>\u201cVoc\u00ea n\u00e3o pode parar os servi\u00e7os da pol\u00edcia, causar os danos que est\u00e3o sendo causados \u00e0 sociedade sob uma hip\u00f3tese que eu acho, enquanto categoria, que pode acontecer. Isso n\u00e3o existe, n\u00e3o \u00e9 razo\u00e1vel esse preju\u00edzo diante da conduta dos policiais civis a despeito de todas as garantias oferecidas pelo Governo do Estado do Rio Grande do Norte\u201d, avaliou o vice-governador Antenor Roberto.<\/p>\n\n\n\n<p>Para o vice-governador, \u00e9 preciso que \u201celes assumam diante da sociedade que est\u00e3o parando porque querem outra remunera\u00e7\u00e3o. Mas n\u00e3o porque estavam retirando ou amea\u00e7ando retirar adicional por tempo de servi\u00e7o\u201d.<\/p>\n\n\n\n<p><strong>Negocia\u00e7\u00e3o<\/strong><\/p>\n\n\n\n<p>Nessa quarta, o Governo apresentou proposta de Lei Complementar para incorpora\u00e7\u00e3o dos adicionais por tempo de servi\u00e7o aos sal\u00e1rios, o que evitar\u00e1 qualquer perda \u00e0s categorias, como pede a a\u00e7\u00e3o direta de inconstitucionalidade (Adin) impetrada pelo Minist\u00e9rio P\u00fablico Estadual (MPE).<\/p>\n\n\n\n<p>J\u00e1 na ter\u00e7a, em mais uma tentativa de negocia\u00e7\u00e3o, o Governo tomou a iniciativa de trazer tamb\u00e9m ao di\u00e1logo a Justi\u00e7a e o Minist\u00e9rio P\u00fablico, de quem obteve o compromisso de aceitar uma eventual modula\u00e7\u00e3o ap\u00f3s o julgamento da ADI.<\/p>\n\n\n\n<p>BG<\/p>\n\n\n\n<p><strong>Foto: Jana S\u00e1<\/strong><\/p>\n","protected":false},"excerpt":{"rendered":"<p>Ap\u00f3s mais uma garantia por parte do Governo do Estado de que n\u00e3o haver\u00e1 redu\u00e7\u00e3o nos vencimentos e direitos dos delegados, agentes e escriv\u00e3es da Pol\u00edcia Civil, em audi\u00eancia na noite desta quarta-feira (9), as categorias foram irredut\u00edveis. Houve a apresenta\u00e7\u00e3o de uma proposta de Lei Complementar para incorpora\u00e7\u00e3o dos adicionais por tempo de servi\u00e7o [&hellip;]<\/p>\n","protected":false},"author":1,"featured_media":6452,"comment_status":"closed","ping_status":"closed","sticky":false,"template":"","format":"standard","meta":{"footnotes":""},"categories":[3,4,5,8],"tags":[],"class_list":["post-6451","post","type-post","status-publish","format-standard","has-post-thumbnail","hentry","category-destaque","category-locais","category-noticias","category-ultimas"],"aioseo_notices":[],"_links":{"self":[{"href":"https:\/\/sertaneja95fm.com.br\/sited\/wp-json\/wp\/v2\/posts\/6451","targetHints":{"allow":["GET"]}}],"collection":[{"href":"https:\/\/sertaneja95fm.com.br\/sited\/wp-json\/wp\/v2\/posts"}],"about":[{"href":"https:\/\/sertaneja95fm.com.br\/sited\/wp-json\/wp\/v2\/types\/post"}],"author":[{"embeddable":true,"href":"https:\/\/sertaneja95fm.com.br\/sited\/wp-json\/wp\/v2\/users\/1"}],"replies":[{"embeddable":true,"href":"https:\/\/sertaneja95fm.com.br\/sited\/wp-json\/wp\/v2\/comments?post=6451"}],"version-history":[{"count":0,"href":"https:\/\/sertaneja95fm.com.br\/sited\/wp-json\/wp\/v2\/posts\/6451\/revisions"}],"wp:featuredmedia":[{"embeddable":true,"href":"https:\/\/sertaneja95fm.com.br\/sited\/wp-json\/"}],"wp:attachment":[{"href":"https:\/\/sertaneja95fm.com.br\/sited\/wp-json\/wp\/v2\/media?parent=6451"}],"wp:term":[{"taxonomy":"category","embeddable":true,"href":"https:\/\/sertaneja95fm.com.br\/sited\/wp-json\/wp\/v2\/categories?post=6451"},{"taxonomy":"post_tag","embeddable":true,"href":"https:\/\/sertaneja95fm.com.br\/sited\/wp-json\/wp\/v2\/tags?post=6451"}],"curies":[{"name":"wp","href":"https:\/\/api.w.org\/{rel}","templated":true}]}}