{"id":6455,"date":"2022-02-14T10:10:34","date_gmt":"2022-02-14T13:10:34","guid":{"rendered":"https:\/\/sertaneja95fm.com.br\/?p=6455"},"modified":"2022-02-14T10:10:34","modified_gmt":"2022-02-14T13:10:34","slug":"a-prefeitura-de-currais-novos-publicou-na-edicao-desta-segunda-feira-14-no-diario-oficial-dos-municipios-o-decreto-n-5-138-de-11-de-fevereiro-de-2022-dispondo-sobre-novas-medidas-temporarias-de","status":"publish","type":"post","link":"https:\/\/sertaneja95fm.com.br\/sited\/a-prefeitura-de-currais-novos-publicou-na-edicao-desta-segunda-feira-14-no-diario-oficial-dos-municipios-o-decreto-n-5-138-de-11-de-fevereiro-de-2022-dispondo-sobre-novas-medidas-temporarias-de\/","title":{"rendered":"A Prefeitura de Currais Novos publicou na edi\u00e7\u00e3o desta segunda-feira (14), no Di\u00e1rio Oficial dos Munic\u00edpios, o Decreto n. 5.138, de 11 de fevereiro de 2022, dispondo sobre novas medidas tempor\u00e1rias de preven\u00e7\u00e3o ao cont\u00e1gio pelo novo coronav\u00edrus (COVID-19) no \u00e2mbito do Poder Executivo Municipal."},"content":{"rendered":"\n<p>Conforme acordado entre os prefeitos dos munic\u00edpios que comp\u00f5em a AMSO &#8211; Micro Regi\u00e3o do Serid\u00f3 Oriental, est\u00e3o suspensos, pelo prazo de 21 dias, os eventos que impliquem em aglomera\u00e7\u00e3o. Fica, portanto, CANCELADO o carnaval em todo o territ\u00f3rio do Munic\u00edpio de Currais Novos, bem como, a realiza\u00e7\u00e3o de festas, shows e eventos de massa, p\u00fablicos e privados, incluindo-se m\u00fasica ao vivo, serestas e afins.<\/p>\n\n\n\n<p>A Gest\u00e3o Municipal considerou que o carnaval vem sendo considerado pelas entidades m\u00e9dicas estaduais e nacionais como evento de alto risco de cont\u00e1gio pela COVID-19, o que tem levado in\u00fameros munic\u00edpios brasileiros a suspender a realiza\u00e7\u00e3o de eventos de ruas durante o per\u00edodo carnavalesco.<\/p>\n\n\n\n<p>ASSECOM<\/p>\n\n\n\n<p><\/p>\n","protected":false},"excerpt":{"rendered":"<p>Conforme acordado entre os prefeitos dos munic\u00edpios que comp\u00f5em a AMSO &#8211; Micro Regi\u00e3o do Serid\u00f3 Oriental, est\u00e3o suspensos, pelo prazo de 21 dias, os eventos que impliquem em aglomera\u00e7\u00e3o. Fica, portanto, CANCELADO o carnaval em todo o territ\u00f3rio do Munic\u00edpio de Currais Novos, bem como, a realiza\u00e7\u00e3o de festas, shows e eventos de massa, [&hellip;]<\/p>\n","protected":false},"author":1,"featured_media":6456,"comment_status":"closed","ping_status":"closed","sticky":false,"template":"","format":"standard","meta":{"footnotes":""},"categories":[3,4,5,6,8],"tags":[],"class_list":["post-6455","post","type-post","status-publish","format-standard","has-post-thumbnail","hentry","category-destaque","category-locais","category-noticias","category-podcasts","category-ultimas"],"aioseo_notices":[],"_links":{"self":[{"href":"https:\/\/sertaneja95fm.com.br\/sited\/wp-json\/wp\/v2\/posts\/6455","targetHints":{"allow":["GET"]}}],"collection":[{"href":"https:\/\/sertaneja95fm.com.br\/sited\/wp-json\/wp\/v2\/posts"}],"about":[{"href":"https:\/\/sertaneja95fm.com.br\/sited\/wp-json\/wp\/v2\/types\/post"}],"author":[{"embeddable":true,"href":"https:\/\/sertaneja95fm.com.br\/sited\/wp-json\/wp\/v2\/users\/1"}],"replies":[{"embeddable":true,"href":"https:\/\/sertaneja95fm.com.br\/sited\/wp-json\/wp\/v2\/comments?post=6455"}],"version-history":[{"count":0,"href":"https:\/\/sertaneja95fm.com.br\/sited\/wp-json\/wp\/v2\/posts\/6455\/revisions"}],"wp:featuredmedia":[{"embeddable":true,"href":"https:\/\/sertaneja95fm.com.br\/sited\/wp-json\/"}],"wp:attachment":[{"href":"https:\/\/sertaneja95fm.com.br\/sited\/wp-json\/wp\/v2\/media?parent=6455"}],"wp:term":[{"taxonomy":"category","embeddable":true,"href":"https:\/\/sertaneja95fm.com.br\/sited\/wp-json\/wp\/v2\/categories?post=6455"},{"taxonomy":"post_tag","embeddable":true,"href":"https:\/\/sertaneja95fm.com.br\/sited\/wp-json\/wp\/v2\/tags?post=6455"}],"curies":[{"name":"wp","href":"https:\/\/api.w.org\/{rel}","templated":true}]}}