{"id":6459,"date":"2022-02-15T09:23:09","date_gmt":"2022-02-15T12:23:09","guid":{"rendered":"https:\/\/sertaneja95fm.com.br\/?p=6459"},"modified":"2022-02-15T09:23:09","modified_gmt":"2022-02-15T12:23:09","slug":"arnaldo-jabor-morre-aos-81-anos-em-sao-paulo","status":"publish","type":"post","link":"https:\/\/sertaneja95fm.com.br\/sited\/arnaldo-jabor-morre-aos-81-anos-em-sao-paulo\/","title":{"rendered":"Arnaldo Jabor morre aos 81 anos em S\u00e3o Paulo"},"content":{"rendered":"\n<p>O cineasta, cronista e jornalista&nbsp;<a href=\"https:\/\/g1.globo.com\/tudo-sobre\/arnaldo-jabor\/\">Arnaldo Jabor<\/a>, de 81 anos, morreu na madrugada desta ter\u00e7a (15) em S\u00e3o Paulo. Ele estava internado desde dezembro do ano passado no Hospital S\u00edrio-Liban\u00eas, na regi\u00e3o central da cidade.<\/p>\n\n\n\n<p>Jabor havia sido internado&nbsp;<a href=\"https:\/\/g1.globo.com\/sp\/sao-paulo\/noticia\/2021\/12\/20\/arnaldo-jabor-e-internado-no-hospital-sirio-libanes-em-sp.ghtml\">ap\u00f3s sofrer um acidente vascular cerebral (AVC)<\/a>. Segundo a fam\u00edlia, Jabor faleceu por volta da meia-noite, em decorr\u00eancia de complica\u00e7\u00f5es do AVC.<\/p>\n\n\n\n<p>Jabor dirigiu &#8220;Eu sei que vou te amar&#8221; (1986), indicado \u00e0 Palma de Ouro de melhor filme do Festival de Cannes. \u00c9 colunista de telejornais da TV Globo desde 1991.<\/p>\n\n\n\n<h2 class=\"wp-block-heading\">Trajet\u00f3ria<\/h2>\n\n\n\n<p><a href=\"https:\/\/g1.globo.com\/tudo-sobre\/arnaldo-jabor\/\">Arnaldo Jabor<\/a>\u00a0teve extensa carreira dedicada ao cinema, \u00e0 literatura e ao jornalismo.<\/p>\n\n\n\n<p>No cinema, dirigiu sete longas, dois curtas e dois document\u00e1rios. Tamb\u00e9m era cronista e jornalista.<\/p>\n\n\n\n<p>Formado no ambiente do Cinema Novo, Jabor participou da segunda fase do movimento, um dos maiores do pa\u00eds, conhecido por retratar quest\u00f5es pol\u00edticas e sociais do Brasil inspirado no neorrealismo italiano e na nouvelle vague francesa.<\/p>\n\n\n\n<p>Mesmo antes de se tornar um premiado diretor e roteirista, j\u00e1 mostrava paix\u00e3o pela s\u00e9tima arte. Foi tamb\u00e9m t\u00e9cnico sonoro, assistente de dire\u00e7\u00e3o e cr\u00edtico de cinema. Ele se formou pelo curso de cinema do Itamaraty-Unesco em 1964.<\/p>\n\n\n\n<figure class=\"wp-block-image\"><img decoding=\"async\" src=\"https:\/\/s2.glbimg.com\/d0DBsp2J8RJKuy3BDlGdQ-iU-JM=\/0x0:2680x2032\/984x0\/smart\/filters:strip_icc()\/i.s3.glbimg.com\/v1\/AUTH_59edd422c0c84a879bd37670ae4f538a\/internal_photos\/bs\/2021\/b\/S\/2ol7AHTZuaAdsteDLikg\/3323022.150801.jpg\" alt=\"Arnaldo Jabor durante entrevista para falar do lan\u00e7amento de seu livro &quot;Porno Pol\u00edtica&quot; em em S\u00e3o Paulo, em agosto de 2006 \u2014 Foto: Val\u00e9ria Gon\u00e7alvez\/Estad\u00e3o Conte\u00fado\/Arquivo\"\/><\/figure>\n\n\n\n<p>Arnaldo Jabor durante entrevista para falar do lan\u00e7amento de seu livro &#8220;Porno Pol\u00edtica&#8221; em em S\u00e3o Paulo, em agosto de 2006 \u2014 Foto: Val\u00e9ria Gon\u00e7alvez\/Estad\u00e3o Conte\u00fado\/Arquivo<\/p>\n\n\n\n<p><\/p>\n\n\n\n<p><\/p>\n\n\n\n<p>Em 1967, produziu o document\u00e1rio \u201cOpini\u00e3o P\u00fablica\u201d, seu primeiro longa metragem e uma esp\u00e9cie de mosaico sobre como o brasileiro olha sua pr\u00f3pria realidade.<\/p>\n\n\n\n<p>O primeiro longa de fic\u00e7\u00e3o que Jabor produziu, roteirizou e dirigiu foi \u201cPindorama\u201d, em 1970. Ele tinha um excesso de barroquismo e de radicalismo contra o cinema cl\u00e1ssico. No ano seguinte, foi indicado \u00e0 Palma de Ouro, o maior pr\u00eamio do festival de Cannes, na Fran\u00e7a.<\/p>\n\n\n\n<p>A partir da\u00ed, sucessos de bilheterias e obras premiadas marcaram a carreira do cineasta. Tr\u00eas anos mais tarde, fez um dos grandes sucessos de bilheteria do cinema brasileiro: \u201cToda Nudez Ser\u00e1 Castigada\u201d, uma adapta\u00e7\u00e3o da pe\u00e7a hom\u00f4nima de Nelson Rodrigues. Por ele, Jabor venceu o Urso de Prata no Festival de Berlim em 1973.<\/p>\n\n\n\n<p>O filme tem cr\u00edticas \u00e0 hipocrisia da moral burguesa e de seus costumes. \u00c9 a hist\u00f3ria do envolvimento da prostituta Geni, interpretada pela atriz Darlene Gl\u00f3ria, com o vi\u00favo Herculano, personagem de Paulo Porto. O papel deu a Darlene o pr\u00eamio Kikito de Melhor Atriz no Festival de Gramado. O filme tamb\u00e9m ganhou um trof\u00e9u no evento.<\/p>\n\n\n\n<p>Nelson Rodrigues seguiu inspirando Jabor. O filme \u201cO Casamento\u201d (1975) foi adaptado de um romance do escritor e faz uma cr\u00edtica comportamental da sociedade. Ele premiou a atriz Camila Amado com o Kikito de Melhor Atriz Coadjuvante e o Pr\u00eamio Especial do J\u00fari no Festival de Gramado.<\/p>\n\n\n\n<p>Outro sucesso do roteirista e diretor foi \u201cTudo Bem\u201d (1978), o in\u00edcio de sua &#8220;Trilogia do Apartamento&#8221;. O filme investiga, num tom de forte s\u00e1tira e ironia, as contradi\u00e7\u00f5es da sociedade brasileira que j\u00e1 vivia o fracasso do milagre econ\u00f4mico.<\/p>\n\n\n\n<p>Os protagonistas s\u00e3o Fernanda Montenegro e Paulo Gracindo. Em atua\u00e7\u00f5es consideradas primorosas, eles gravaram em um apartamento de classe m\u00e9dia da \u00e9poca. O filme tem um elenco coadjuvante estelar, com Zez\u00e9 Mota, St\u00eanio Garcia, Fernando Torres, Jos\u00e9 Dumont, Regina Cas\u00e9 e Luiz Fernando Guimar\u00e3es, entre outros.<\/p>\n\n\n\n<figure class=\"wp-block-image\"><img decoding=\"async\" src=\"https:\/\/s2.glbimg.com\/SIwy9TeHOHeZ042_2hUay3HXBwc=\/0x0:3871x2583\/984x0\/smart\/filters:strip_icc()\/i.s3.glbimg.com\/v1\/AUTH_59edd422c0c84a879bd37670ae4f538a\/internal_photos\/bs\/2021\/A\/8\/z5XGALRmitebzKEqIfIA\/5581091.190001.jpg\" alt=\"Arnaldo Jabor posa para foto ao lado da filha Carolina no Conjunto Nacional, em S\u00e3o Paulo, em outubro de 2014 \u2014 Foto: Iara Morselli\/Estad\u00e3o Conte\u00fado\"\/><\/figure>\n\n\n\n<p>Arnaldo Jabor posa para foto ao lado da filha Carolina no Conjunto Nacional, em S\u00e3o Paulo, em outubro de 2014 \u2014 Foto: Iara Morselli\/Estad\u00e3o Conte\u00fado<\/p>\n\n\n\n<p>\u201cTudo Bem\u201d venceu o pr\u00eamio de Melhor Filme no Festival de Bras\u00edlia e deu a Paulo C\u00e9sar Per\u00e9io o pr\u00eamio de Melhor Ator Coadjuvante na competi\u00e7\u00e3o. O longa tamb\u00e9m foi selecionado para ser exibido no Festival de Berlim e na Quinzena dos Realizadores do Festival de Cannes.<\/p>\n\n\n\n<p>Em 1981, Jabor escreveu e dirigiu o premiado &#8220;Eu te amo\u201d, que consagrou Paulo C\u00e9sar Pereio e S\u00f4nia Braga no cinema brasileiro. O Industrial falido pelo milagre dos anos 70 conhece uma mulher e a convida para sua casa, onde vivem um intenso romance em meio \u00e0s crises existenciais. A produ\u00e7\u00e3o era de Walter Clark e a fotografia, de Murilo Salles.<\/p>\n\n\n\n<p>Cinco ano depois, voltou com outro sucesso de bilheteria e cr\u00edtica. \u201cEu Sei que Vou Te Amar\u201d, de 1986, conta a hist\u00f3ria de um casal em crise, interpretado pelos jovens Fernanda Torres e Thales Pan Chacon. Foi mais um sucesso do cineasta gravado entre quatro paredes em uma casa projetada por Oscar Niemeyer, e deu o pr\u00eamio de melhor atriz para Fernanda Torres no Festival de Cannes.<\/p>\n\n\n\n<h2 class=\"wp-block-heading\">Jornais e livros<\/h2>\n\n\n\n<p>Nos anos 1990, Jabor se afastou do cinema por \u201cfor\u00e7a das circunst\u00e2ncias ditadas pelo governo Fernando Collor de Mello, que sucateou a produ\u00e7\u00e3o cinematogr\u00e1fica nacional\u201d, segundo seu site oficial.<\/p>\n\n\n\n<p>A partir de 1991, ele passou a escrever cr\u00f4nicas para jornais e tamb\u00e9m a fazer coment\u00e1rios pol\u00edticos em programas de TV da Globo \u2014 \u201cJornal Nacional\u201d, \u201cBom Dia Brasil\u201d, \u201cJornal Hoje\u201d, \u201cFant\u00e1stico\u201d \u2014 e de r\u00e1dio na CBN.<\/p>\n\n\n\n<p>No \u201cJornal da Globo\u201d, dividia os coment\u00e1rios com Paulo Francis e Joelmir Beting. A partir dos anos 2000, assumiu sozinho a coluna.<\/p>\n\n\n\n<p>Nela, abordava temas como cinema, artes, sexualidade, pol\u00edtica nacional e internacional, economia, amor, filosofia, preconceito.<\/p>\n\n\n\n<p><strong>Por g1 SP e TV Globo<\/strong><\/p>\n","protected":false},"excerpt":{"rendered":"<p>O cineasta, cronista e jornalista&nbsp;Arnaldo Jabor, de 81 anos, morreu na madrugada desta ter\u00e7a (15) em S\u00e3o Paulo. Ele estava internado desde dezembro do ano passado no Hospital S\u00edrio-Liban\u00eas, na regi\u00e3o central da cidade. Jabor havia sido internado&nbsp;ap\u00f3s sofrer um acidente vascular cerebral (AVC). Segundo a fam\u00edlia, Jabor faleceu por volta da meia-noite, em decorr\u00eancia [&hellip;]<\/p>\n","protected":false},"author":1,"featured_media":6460,"comment_status":"closed","ping_status":"closed","sticky":false,"template":"","format":"standard","meta":{"footnotes":""},"categories":[3,4,5,6,8],"tags":[],"class_list":["post-6459","post","type-post","status-publish","format-standard","has-post-thumbnail","hentry","category-destaque","category-locais","category-noticias","category-podcasts","category-ultimas"],"aioseo_notices":[],"_links":{"self":[{"href":"https:\/\/sertaneja95fm.com.br\/sited\/wp-json\/wp\/v2\/posts\/6459","targetHints":{"allow":["GET"]}}],"collection":[{"href":"https:\/\/sertaneja95fm.com.br\/sited\/wp-json\/wp\/v2\/posts"}],"about":[{"href":"https:\/\/sertaneja95fm.com.br\/sited\/wp-json\/wp\/v2\/types\/post"}],"author":[{"embeddable":true,"href":"https:\/\/sertaneja95fm.com.br\/sited\/wp-json\/wp\/v2\/users\/1"}],"replies":[{"embeddable":true,"href":"https:\/\/sertaneja95fm.com.br\/sited\/wp-json\/wp\/v2\/comments?post=6459"}],"version-history":[{"count":0,"href":"https:\/\/sertaneja95fm.com.br\/sited\/wp-json\/wp\/v2\/posts\/6459\/revisions"}],"wp:featuredmedia":[{"embeddable":true,"href":"https:\/\/sertaneja95fm.com.br\/sited\/wp-json\/"}],"wp:attachment":[{"href":"https:\/\/sertaneja95fm.com.br\/sited\/wp-json\/wp\/v2\/media?parent=6459"}],"wp:term":[{"taxonomy":"category","embeddable":true,"href":"https:\/\/sertaneja95fm.com.br\/sited\/wp-json\/wp\/v2\/categories?post=6459"},{"taxonomy":"post_tag","embeddable":true,"href":"https:\/\/sertaneja95fm.com.br\/sited\/wp-json\/wp\/v2\/tags?post=6459"}],"curies":[{"name":"wp","href":"https:\/\/api.w.org\/{rel}","templated":true}]}}