{"id":6463,"date":"2022-02-16T09:16:18","date_gmt":"2022-02-16T12:16:18","guid":{"rendered":"https:\/\/sertaneja95fm.com.br\/?p=6463"},"modified":"2022-02-16T09:16:18","modified_gmt":"2022-02-16T12:16:18","slug":"urgente-temporal-em-petropolis-deixa-35-mortos-bombeiros-ainda-nao-sabem-quantos-sao-os-desaparecidos","status":"publish","type":"post","link":"https:\/\/sertaneja95fm.com.br\/sited\/urgente-temporal-em-petropolis-deixa-35-mortos-bombeiros-ainda-nao-sabem-quantos-sao-os-desaparecidos\/","title":{"rendered":"Urgente: Temporal em Petr\u00f3polis deixa 35 mortos; bombeiros ainda n\u00e3o sabem quantos s\u00e3o os desaparecidos"},"content":{"rendered":"\n<p><\/p>\n\n\n\n<figure class=\"wp-block-video\"><video controls src=\"https:\/\/sertaneja95fm.com.br\/wp-content\/uploads\/2022\/02\/Momento-que-pessoascasascarros-sao-arrastados-pela-forte-chuva-em-Petropolis-RJ.-RJ-pede-Socorro-...SOS-PETROPOLIS-petropolis-RJ-chuva-socorrorj-1-1.mp4\"><\/video><figcaption>V\u00eddeo postado em rede sociais <\/figcaption><\/figure>\n\n\n\n<p><\/p>\n\n\n\n<p>Um cen\u00e1rio de caos \u00e9 o que mostra o v\u00eddeo acima , pessoas,casas,carros s\u00e3o arrastados pelas forte chuvas em Petr\u00f3polis RJ.<\/p>\n\n\n\n<p>A Prefeitura de Petr\u00f3polis, na Regi\u00e3o Serrana do Rio, e o Corpo de Bombeiros informaram na manh\u00e3 desta quarta-feira (16) que subiu para 35 o n\u00famero de mortos ap\u00f3s a tempestade da tarde de ter\u00e7a (15). O Corpo de Bombeiros ainda n\u00e3o tem ideia do n\u00famero de desaparecidos.<\/p>\n\n\n\n<p>A Defesa Civil informou que ainda h\u00e1 previs\u00e3o de chuva moderada a qualquer momento no munic\u00edpio nesta quarta-feira (16) . Em caso de emerg\u00eancia, o telefone 199 est\u00e1 dispon\u00edvel.<\/p>\n\n\n\n<figure class=\"wp-block-image size-full\"><img decoding=\"async\" src=\"https:\/\/sertaneja95fm.com.br\/wp-content\/uploads\/2022\/02\/whatsapp-image-2022-02-16-at-06.20.01-2-1-1-1.jpeg\" alt=\"\" class=\"wp-image-6471\"\/><figcaption> \u00a0Foto: Alexandre Kapiche\/g1 <\/figcaption><\/figure>\n\n\n\n<p><\/p>\n","protected":false},"excerpt":{"rendered":"<p>Um cen\u00e1rio de caos \u00e9 o que mostra o v\u00eddeo acima , pessoas,casas,carros s\u00e3o arrastados pelas forte chuvas em Petr\u00f3polis RJ. A Prefeitura de Petr\u00f3polis, na Regi\u00e3o Serrana do Rio, e o Corpo de Bombeiros informaram na manh\u00e3 desta quarta-feira (16) que subiu para 35 o n\u00famero de mortos ap\u00f3s a tempestade da tarde de [&hellip;]<\/p>\n","protected":false},"author":1,"featured_media":0,"comment_status":"closed","ping_status":"closed","sticky":false,"template":"","format":"standard","meta":{"footnotes":""},"categories":[3,4,5,6,8],"tags":[],"class_list":["post-6463","post","type-post","status-publish","format-standard","hentry","category-destaque","category-locais","category-noticias","category-podcasts","category-ultimas"],"aioseo_notices":[],"_links":{"self":[{"href":"https:\/\/sertaneja95fm.com.br\/sited\/wp-json\/wp\/v2\/posts\/6463","targetHints":{"allow":["GET"]}}],"collection":[{"href":"https:\/\/sertaneja95fm.com.br\/sited\/wp-json\/wp\/v2\/posts"}],"about":[{"href":"https:\/\/sertaneja95fm.com.br\/sited\/wp-json\/wp\/v2\/types\/post"}],"author":[{"embeddable":true,"href":"https:\/\/sertaneja95fm.com.br\/sited\/wp-json\/wp\/v2\/users\/1"}],"replies":[{"embeddable":true,"href":"https:\/\/sertaneja95fm.com.br\/sited\/wp-json\/wp\/v2\/comments?post=6463"}],"version-history":[{"count":0,"href":"https:\/\/sertaneja95fm.com.br\/sited\/wp-json\/wp\/v2\/posts\/6463\/revisions"}],"wp:attachment":[{"href":"https:\/\/sertaneja95fm.com.br\/sited\/wp-json\/wp\/v2\/media?parent=6463"}],"wp:term":[{"taxonomy":"category","embeddable":true,"href":"https:\/\/sertaneja95fm.com.br\/sited\/wp-json\/wp\/v2\/categories?post=6463"},{"taxonomy":"post_tag","embeddable":true,"href":"https:\/\/sertaneja95fm.com.br\/sited\/wp-json\/wp\/v2\/tags?post=6463"}],"curies":[{"name":"wp","href":"https:\/\/api.w.org\/{rel}","templated":true}]}}