{"id":6527,"date":"2022-03-09T08:56:34","date_gmt":"2022-03-09T11:56:34","guid":{"rendered":"https:\/\/sertaneja95fm.com.br\/?p=6527"},"modified":"2022-03-09T08:56:34","modified_gmt":"2022-03-09T11:56:34","slug":"ucrania-admite-que-pode-desistir-da-adesao-a-otan-para-chegar-a-um-acordo-de-paz","status":"publish","type":"post","link":"https:\/\/sertaneja95fm.com.br\/sited\/ucrania-admite-que-pode-desistir-da-adesao-a-otan-para-chegar-a-um-acordo-de-paz\/","title":{"rendered":"Ucr\u00e2nia admite que pode desistir da ades\u00e3o \u00e0 Otan para chegar a um acordo de paz"},"content":{"rendered":"\n<p>Em entrevista ao canal de televis\u00e3o dos Estados Unidos ABC, o presidente da Ucr\u00e2nia, Volodymyr Zelensky, afirmou que n\u00e3o vai insistir para que Ucr\u00e2nia fa\u00e7a parte da Otan. A poss\u00edvel ades\u00e3o do pa\u00eds ao bloco ocidental \u00e9 uma das principais quest\u00f5es que levaram \u00e0 invas\u00e3o do territ\u00f3rio ucraniano pelo ex\u00e9rcito da R\u00fassia.<\/p>\n\n\n\n<p>\u201cQuanto \u00e0 Otan, moderei a minha posi\u00e7\u00e3o sobre essa quest\u00e3o h\u00e1 algum tempo, quando percebi que a Otan n\u00e3o estava pronta para aceitar a Ucr\u00e2nia\u201d, disse o presidente ucraniano.<\/p>\n\n\n\n<p>Zelensky explicou que n\u00e3o quer ser visto como o presidente de um \u201cpa\u00eds que implora de joelhos\u201d para ingressar na alian\u00e7a militar do ocidente. De acordo com ele, \u201ca alian\u00e7a tem medo de tudo o que seja controverso e de um confronto com a R\u00fassia\u201c.<\/p>\n\n\n\n<p>Uma das principais causas da guerra no Leste Europeu \u00e9 a firme oposi\u00e7\u00e3o da R\u00fassia \u00e0 possibilidade de a Ucr\u00e2nia ingressar na Otan e, consequentemente, estreitar la\u00e7os com os pa\u00edses ocidentais.<\/p>\n\n\n\n<p>O governo russo chegou a pedir garantias ao Ocidente de que a alian\u00e7a n\u00e3o iria expandir mais para o Oriente \u2014 principalmente na Ucr\u00e2nia. O pedido, no entanto, n\u00e3o foi atendido, o que frustrou o presidente russo, Vladimir Putin.<\/p>\n\n\n\n<p><strong>CNN Brasil<\/strong><\/p>\n\n\n\n<p><strong>Foto: Andy Buchanan \u2013 Pool\/Getty Images<\/strong><\/p>\n","protected":false},"excerpt":{"rendered":"<p>Em entrevista ao canal de televis\u00e3o dos Estados Unidos ABC, o presidente da Ucr\u00e2nia, Volodymyr Zelensky, afirmou que n\u00e3o vai insistir para que Ucr\u00e2nia fa\u00e7a parte da Otan. A poss\u00edvel ades\u00e3o do pa\u00eds ao bloco ocidental \u00e9 uma das principais quest\u00f5es que levaram \u00e0 invas\u00e3o do territ\u00f3rio ucraniano pelo ex\u00e9rcito da R\u00fassia. \u201cQuanto \u00e0 Otan, [&hellip;]<\/p>\n","protected":false},"author":1,"featured_media":6528,"comment_status":"closed","ping_status":"closed","sticky":false,"template":"","format":"standard","meta":{"footnotes":""},"categories":[3,4,5,6,8],"tags":[],"class_list":["post-6527","post","type-post","status-publish","format-standard","has-post-thumbnail","hentry","category-destaque","category-locais","category-noticias","category-podcasts","category-ultimas"],"aioseo_notices":[],"_links":{"self":[{"href":"https:\/\/sertaneja95fm.com.br\/sited\/wp-json\/wp\/v2\/posts\/6527","targetHints":{"allow":["GET"]}}],"collection":[{"href":"https:\/\/sertaneja95fm.com.br\/sited\/wp-json\/wp\/v2\/posts"}],"about":[{"href":"https:\/\/sertaneja95fm.com.br\/sited\/wp-json\/wp\/v2\/types\/post"}],"author":[{"embeddable":true,"href":"https:\/\/sertaneja95fm.com.br\/sited\/wp-json\/wp\/v2\/users\/1"}],"replies":[{"embeddable":true,"href":"https:\/\/sertaneja95fm.com.br\/sited\/wp-json\/wp\/v2\/comments?post=6527"}],"version-history":[{"count":0,"href":"https:\/\/sertaneja95fm.com.br\/sited\/wp-json\/wp\/v2\/posts\/6527\/revisions"}],"wp:featuredmedia":[{"embeddable":true,"href":"https:\/\/sertaneja95fm.com.br\/sited\/wp-json\/"}],"wp:attachment":[{"href":"https:\/\/sertaneja95fm.com.br\/sited\/wp-json\/wp\/v2\/media?parent=6527"}],"wp:term":[{"taxonomy":"category","embeddable":true,"href":"https:\/\/sertaneja95fm.com.br\/sited\/wp-json\/wp\/v2\/categories?post=6527"},{"taxonomy":"post_tag","embeddable":true,"href":"https:\/\/sertaneja95fm.com.br\/sited\/wp-json\/wp\/v2\/tags?post=6527"}],"curies":[{"name":"wp","href":"https:\/\/api.w.org\/{rel}","templated":true}]}}