{"id":6530,"date":"2022-03-09T09:09:58","date_gmt":"2022-03-09T12:09:58","guid":{"rendered":"https:\/\/sertaneja95fm.com.br\/?p=6530"},"modified":"2022-03-09T09:09:58","modified_gmt":"2022-03-09T12:09:58","slug":"senado-vota-projetos-para-controle-de-preco-dos-combustiveis","status":"publish","type":"post","link":"https:\/\/sertaneja95fm.com.br\/sited\/senado-vota-projetos-para-controle-de-preco-dos-combustiveis\/","title":{"rendered":"Senado vota projetos para controle de pre\u00e7o dos combust\u00edveis"},"content":{"rendered":"\n<p>O Senado votar\u00e1 nesta quarta-feira (9.mar.2022) 2 projetos para controle dos pre\u00e7os dos combust\u00edveis. O PLP (projeto de lei complementar) 11\/2020, que muda o c\u00e1lculo e a cobran\u00e7a do ICMS sobre os produtos, e o PL (projeto de lei) 1.4721\/2021, que cria um fundo de estabiliza\u00e7\u00e3o de pre\u00e7os custeado, entre outras coisas, com os dividendos da Petrobras. Ambos os textos t\u00eam como relator o l\u00edder da minoria na Casa, senador Jean Paul Prates (PT-RN).<\/p>\n\n\n\n<p>A sess\u00e3o est\u00e1 agendada para \u00e0s 16h. Mais cedo, \u00e0s 8h30, o relator ter\u00e1 uma reuni\u00e3o com o presidente do Senado, Rodrigo Pacheco (PSD-MG), e com o ministro da Economia, Paulo Guedes, para discutir as propostas.<\/p>\n\n\n\n<p>Prates disse na noite de ter\u00e7a-feira (8.mar) que n\u00e3o deve fazer grandes altera\u00e7\u00f5es no que j\u00e1 foi apresentado, \u201ca n\u00e3o ser que venham com um argumento realmente forte\u201d. \u00c9 poss\u00edvel, no entanto, que acate mudan\u00e7as menores para angariar apoio aos textos. \u201cEu vi as emendas e n\u00e3o tem nada de mais. Tudo que o governo est\u00e1 falando agora j\u00e1 est\u00e1 no projeto.\u201d<\/p>\n\n\n\n<p>Por falta de acordo, em 23 de fevereiro, os 2 projetos tiveram vota\u00e7\u00e3o adiada. Alguns senadores apontaram poss\u00edveis preju\u00edzos aos Estados, outros manifestaram preocupa\u00e7\u00e3o com o pre\u00e7o ao consumidor. No dia 16, as propostas j\u00e1 tinham sido retiradas de pauta para que o relator constru\u00edsse um texto consensual.<\/p>\n\n\n\n<p>O relator admitiu que a solu\u00e7\u00e3o apresentada \u201cn\u00e3o \u00e9 completa\u201d, mas \u201c\u00e9 a solu\u00e7\u00e3o poss\u00edvel\u201d no momento. Ele disse acreditar na aprova\u00e7\u00e3o de pelo menos 1 dos textos nesta 4\u00aa.<\/p>\n\n\n\n<p>A escalada do pre\u00e7o do barril de petr\u00f3leo registrado nos \u00faltimos dias trouxe urg\u00eancia \u00e0 aprova\u00e7\u00e3o das medidas.<\/p>\n\n\n\n<p><strong>Poder360<\/strong><\/p>\n\n\n\n<p><strong>Foto: S\u00e9rgio Lima\/Poder360<\/strong><\/p>\n","protected":false},"excerpt":{"rendered":"<p>O Senado votar\u00e1 nesta quarta-feira (9.mar.2022) 2 projetos para controle dos pre\u00e7os dos combust\u00edveis. O PLP (projeto de lei complementar) 11\/2020, que muda o c\u00e1lculo e a cobran\u00e7a do ICMS sobre os produtos, e o PL (projeto de lei) 1.4721\/2021, que cria um fundo de estabiliza\u00e7\u00e3o de pre\u00e7os custeado, entre outras coisas, com os dividendos [&hellip;]<\/p>\n","protected":false},"author":1,"featured_media":6531,"comment_status":"closed","ping_status":"closed","sticky":false,"template":"","format":"standard","meta":{"footnotes":""},"categories":[3,4,5,7],"tags":[],"class_list":["post-6530","post","type-post","status-publish","format-standard","has-post-thumbnail","hentry","category-destaque","category-locais","category-noticias","category-sem-categoria"],"aioseo_notices":[],"_links":{"self":[{"href":"https:\/\/sertaneja95fm.com.br\/sited\/wp-json\/wp\/v2\/posts\/6530","targetHints":{"allow":["GET"]}}],"collection":[{"href":"https:\/\/sertaneja95fm.com.br\/sited\/wp-json\/wp\/v2\/posts"}],"about":[{"href":"https:\/\/sertaneja95fm.com.br\/sited\/wp-json\/wp\/v2\/types\/post"}],"author":[{"embeddable":true,"href":"https:\/\/sertaneja95fm.com.br\/sited\/wp-json\/wp\/v2\/users\/1"}],"replies":[{"embeddable":true,"href":"https:\/\/sertaneja95fm.com.br\/sited\/wp-json\/wp\/v2\/comments?post=6530"}],"version-history":[{"count":0,"href":"https:\/\/sertaneja95fm.com.br\/sited\/wp-json\/wp\/v2\/posts\/6530\/revisions"}],"wp:featuredmedia":[{"embeddable":true,"href":"https:\/\/sertaneja95fm.com.br\/sited\/wp-json\/"}],"wp:attachment":[{"href":"https:\/\/sertaneja95fm.com.br\/sited\/wp-json\/wp\/v2\/media?parent=6530"}],"wp:term":[{"taxonomy":"category","embeddable":true,"href":"https:\/\/sertaneja95fm.com.br\/sited\/wp-json\/wp\/v2\/categories?post=6530"},{"taxonomy":"post_tag","embeddable":true,"href":"https:\/\/sertaneja95fm.com.br\/sited\/wp-json\/wp\/v2\/tags?post=6530"}],"curies":[{"name":"wp","href":"https:\/\/api.w.org\/{rel}","templated":true}]}}