{"id":6543,"date":"2022-03-21T09:54:48","date_gmt":"2022-03-21T12:54:48","guid":{"rendered":"https:\/\/sertaneja95fm.com.br\/?p=6543"},"modified":"2022-03-21T09:54:48","modified_gmt":"2022-03-21T12:54:48","slug":"comercio-deve-faturar-mais-de-r-2-bilhoes-com-a-pascoa-aponta-cnc","status":"publish","type":"post","link":"https:\/\/sertaneja95fm.com.br\/sited\/comercio-deve-faturar-mais-de-r-2-bilhoes-com-a-pascoa-aponta-cnc\/","title":{"rendered":"Com\u00e9rcio deve faturar mais de R$ 2 bilh\u00f5es com a P\u00e1scoa, aponta CNC"},"content":{"rendered":"\n<p>A Confedera\u00e7\u00e3o Nacional do Com\u00e9rcio de Bens, Servi\u00e7os e Turismo (CNC) projeta que as vendas de&nbsp;P\u00e1scoa&nbsp;devem movimentar R$ 2,160 bilh\u00f5es no varejo. As informa\u00e7\u00f5es foram confirmadas pelo economista da entidade, Fabio Bentes.<\/p>\n\n\n\n<p>J\u00e1 em rela\u00e7\u00e3o \u00e0 gera\u00e7\u00e3o de empregos, a Associa\u00e7\u00e3o Brasileira da Ind\u00fastria de Chocolates, Amendoim e Balas (Abicab) divulgou que a data motivou a cria\u00e7\u00e3o de cerca de nove mil postos de trabalho tempor\u00e1rios, tanto em f\u00e1bricas quanto em pontos de venda. As contrata\u00e7\u00f5es tiveram in\u00edcio ainda no segundo semestre de 2021.<\/p>\n\n\n\n<p>O setor vem se recuperando dos&nbsp;efeitos causados pela pandemia. Segundo a Abicab, a produ\u00e7\u00e3o de chocolates cresceu 44% nos tr\u00eas primeiros trimestres de 2021, no comparativo com o mesmo per\u00edodo de 2020. Mas em um cen\u00e1rio marcado pela&nbsp;infla\u00e7\u00e3o, queda na renda dos brasileiros e impactos econ\u00f4micos da guerra na Ucr\u00e2nia, o valor dos ovos de P\u00e1scoa pesa no bolso do consumidor.<\/p>\n\n\n\n<p>O presidente da Abicab, Ubiracy Fonseca, pontuou que o pre\u00e7o \u00e9 influenciado por v\u00e1rios fatores. \u201cO cacau, o a\u00e7\u00facar e o leite, por exemplo, assim como a varia\u00e7\u00e3o do d\u00f3lar, contrata\u00e7\u00f5es, distribui\u00e7\u00e3o e impostos, tamb\u00e9m influenciam na forma\u00e7\u00e3o do pre\u00e7o. No caso dos ovos de P\u00e1scoa, h\u00e1 de se considerar um processo de produ\u00e7\u00e3o de alta complexidade, custos de embalagem, armazenagem e log\u00edstica\u201d, disse.<\/p>\n\n\n\n<p>Impulsionado pela pandemia, com\u00e9rcio online deve seguir em altaPara estimular as vendas, os empres\u00e1rios apostam no com\u00e9rcio virtual, que cresceu durante a pandemia de Covid-19. A crise sanit\u00e1ria impulsionou o e-commerce, sendo prefer\u00eancia de 71% dos brasileiros, segundo a ConQuist Consultoria.<\/p>\n\n\n\n<p>Segundo a Associa\u00e7\u00e3o Brasileira da Ind\u00fastria de Chocolates, Amendoim e Balas, os associados investiram em plataformas digitais pr\u00f3prias e em parcerias com empresas especializadas em delivery para atender a demanda do consumidor.&nbsp; Para este ano, com as medidas de flexibiliza\u00e7\u00e3o, a Abicab espera que as vendas cres\u00e7am, com a volta dos presentes.<\/p>\n\n\n\n<p>Um levantamento que come\u00e7ou ainda no ano passado, feito pelo Servi\u00e7o Brasileiro de Apoio \u00e0s Micro e Pequenas Empresas (Sebrae) e pela Associa\u00e7\u00e3o de Produtores Artesanais Bean to Bar Brasil, indica que metade dos empreendedores conta com plataformas pr\u00f3prias para vendas em ambiente virtual.<\/p>\n\n\n\n<p>Os empres\u00e1rios e pequenos empreendedores do segmento de doces e chocolates est\u00e3o mais otimistas com as vendas na P\u00e1scoa deste ano, segundo a percep\u00e7\u00e3o apurada pelo Sebrae. Para atrair os clientes, a analista do Sebrae Mayra Viana diz que, tanto para o empres\u00e1rio quanto para o pequeno empreendedor, \u00e9 importante ter uma comunica\u00e7\u00e3o clara nas redes sociais, disponibilizando o card\u00e1pio, mostrando as novidades, bastidores e encomendas.<\/p>\n\n\n\n<p>\u201cO que a gente mais v\u00ea nas pesquisas \u00e9 que o \u2018boca a boca\u2019 \u00e9 muito relevante. Por isso, a gente fala que n\u00e3o adianta s\u00f3 fazer uma venda. \u00c9 importante encantar o cliente no atendimento, na transpar\u00eancia e no cumprimento de prazos para que ele realmente fique encantado e indique a loja para os seus amigos e familiares\u201d, recomenda.<\/p>\n\n\n\n<p><strong>CNN Brasil<\/strong><\/p>\n\n\n\n<p>Imagem: Getty Images\/iStockphoto<\/p>\n\n\n\n<p><\/p>\n","protected":false},"excerpt":{"rendered":"<p>A Confedera\u00e7\u00e3o Nacional do Com\u00e9rcio de Bens, Servi\u00e7os e Turismo (CNC) projeta que as vendas de&nbsp;P\u00e1scoa&nbsp;devem movimentar R$ 2,160 bilh\u00f5es no varejo. As informa\u00e7\u00f5es foram confirmadas pelo economista da entidade, Fabio Bentes. J\u00e1 em rela\u00e7\u00e3o \u00e0 gera\u00e7\u00e3o de empregos, a Associa\u00e7\u00e3o Brasileira da Ind\u00fastria de Chocolates, Amendoim e Balas (Abicab) divulgou que a data motivou [&hellip;]<\/p>\n","protected":false},"author":1,"featured_media":6544,"comment_status":"closed","ping_status":"closed","sticky":false,"template":"","format":"standard","meta":{"footnotes":""},"categories":[3,4,5,6,8],"tags":[],"class_list":["post-6543","post","type-post","status-publish","format-standard","has-post-thumbnail","hentry","category-destaque","category-locais","category-noticias","category-podcasts","category-ultimas"],"aioseo_notices":[],"_links":{"self":[{"href":"https:\/\/sertaneja95fm.com.br\/sited\/wp-json\/wp\/v2\/posts\/6543","targetHints":{"allow":["GET"]}}],"collection":[{"href":"https:\/\/sertaneja95fm.com.br\/sited\/wp-json\/wp\/v2\/posts"}],"about":[{"href":"https:\/\/sertaneja95fm.com.br\/sited\/wp-json\/wp\/v2\/types\/post"}],"author":[{"embeddable":true,"href":"https:\/\/sertaneja95fm.com.br\/sited\/wp-json\/wp\/v2\/users\/1"}],"replies":[{"embeddable":true,"href":"https:\/\/sertaneja95fm.com.br\/sited\/wp-json\/wp\/v2\/comments?post=6543"}],"version-history":[{"count":0,"href":"https:\/\/sertaneja95fm.com.br\/sited\/wp-json\/wp\/v2\/posts\/6543\/revisions"}],"wp:featuredmedia":[{"embeddable":true,"href":"https:\/\/sertaneja95fm.com.br\/sited\/wp-json\/"}],"wp:attachment":[{"href":"https:\/\/sertaneja95fm.com.br\/sited\/wp-json\/wp\/v2\/media?parent=6543"}],"wp:term":[{"taxonomy":"category","embeddable":true,"href":"https:\/\/sertaneja95fm.com.br\/sited\/wp-json\/wp\/v2\/categories?post=6543"},{"taxonomy":"post_tag","embeddable":true,"href":"https:\/\/sertaneja95fm.com.br\/sited\/wp-json\/wp\/v2\/tags?post=6543"}],"curies":[{"name":"wp","href":"https:\/\/api.w.org\/{rel}","templated":true}]}}