{"id":6551,"date":"2022-03-24T09:26:19","date_gmt":"2022-03-24T12:26:19","guid":{"rendered":"https:\/\/sertaneja95fm.com.br\/?p=6551"},"modified":"2022-03-24T09:26:19","modified_gmt":"2022-03-24T12:26:19","slug":"currais-novos-realiza-em-abril-a-xxiii-edicao-da-exponovos","status":"publish","type":"post","link":"https:\/\/sertaneja95fm.com.br\/sited\/currais-novos-realiza-em-abril-a-xxiii-edicao-da-exponovos\/","title":{"rendered":"CURRAIS NOVOS REALIZA EM ABRIL A XXIII EDI\u00c7\u00c3O DA EXPONOVOS"},"content":{"rendered":"\n<p>Depois de dois anos sem acontecer por causa da pandemia, Currais Novos voltar\u00e1 a realizar a Exponovos, tradicional feira de exposi\u00e7\u00e3o e leil\u00e3o de animais que \u00e9 realizada no Parque de Exposi\u00e7\u00f5es Dr Jos\u00e9 Bezerra de Ara\u00fajo.<\/p>\n\n\n\n<p>O evento, que est\u00e1 inserido no circuito estadual de exposi\u00e7\u00f5es agropecu\u00e1rias, ir\u00e1 acontecer de 07 a 10 de abril, e promete ser o maior j\u00e1 realizado, reunindo agropecuaristas de todo o Brasil que realizam v\u00e1rios neg\u00f3cios importantes para o setor agropecu\u00e1rio da nossa cidade e tamb\u00e9m da regi\u00e3o.<\/p>\n\n\n\n<p>De acordo com o Secret\u00e1rio Municipal de Agricultura, Lucas Galv\u00e3o, o evento ser\u00e1 o maior j\u00e1 realizado, com a presen\u00e7a confirmada de expositores regionais e nacionais. \u201cEstamos preparando para esse retorno um grandioso evento, com uma grande estrutura para feira de neg\u00f3cios, produtos artesanais e gastron\u00f4micos da Agricultura Familiar e de Associa\u00e7\u00f5es Rurais do nosso munic\u00edpio e tamb\u00e9m da regi\u00e3o. Al\u00e9m disso, estamos preparando, junto ao Governo do Estado, uma grande programa\u00e7\u00e3o com apresenta\u00e7\u00f5es culturais; shows musicais; torneio leiteiro; al\u00e9m da participa\u00e7\u00e3o de expositores que ir\u00e3o comercializar bovinos, caprinos e ovinos\u201d, disse o Secret\u00e1rio Lucas.<\/p>\n\n\n\n<p>Ainda segundo Lucas, a expectativa da organiza\u00e7\u00e3o \u00e9 de que o evento deste ano bata todos os recordes, tanto em rela\u00e7\u00e3o a n\u00fameros de animais inscritos, como em volume de neg\u00f3cios.<\/p>\n\n\n\n<p>Para o Secret\u00e1rio de Estado da Agricultura, da Pecu\u00e1ria e da Pesca (SAPE), Guilherme Saldanha, \u201ca expectativa \u00e9 muito positiva, principalmente pelas previs\u00f5es de um bom inverno para esse ano. Isso nos deixa ainda mais animados para as feiras e exposi\u00e7\u00f5es porque elas catalisam todo o potencial dos munic\u00edpios e das regi\u00f5es onde s\u00e3o realizadas, traduzindo-se em oportunidades \u00edmpares para que o setor rural ganhe ainda mais proje\u00e7\u00e3o e impulso como gerador de ocupa\u00e7\u00e3o e renda para o nosso povo\u201d, afirma Guilherme.<\/p>\n\n\n\n<p>A Exponovos 2022, que ter\u00e1 um total de 45 mil reais em pr\u00eamios, \u00e9 uma realiza\u00e7\u00e3o do Governo do Estado; Prefeitura de Currais Novos; SAPE; e ANCOC (Associa\u00e7\u00e3o Norte Rio-Grandense de Criadores de Ovinos e Caprinos).<\/p>\n\n\n\n<p>ASSECOM<\/p>\n","protected":false},"excerpt":{"rendered":"<p>Depois de dois anos sem acontecer por causa da pandemia, Currais Novos voltar\u00e1 a realizar a Exponovos, tradicional feira de exposi\u00e7\u00e3o e leil\u00e3o de animais que \u00e9 realizada no Parque de Exposi\u00e7\u00f5es Dr Jos\u00e9 Bezerra de Ara\u00fajo. O evento, que est\u00e1 inserido no circuito estadual de exposi\u00e7\u00f5es agropecu\u00e1rias, ir\u00e1 acontecer de 07 a 10 de [&hellip;]<\/p>\n","protected":false},"author":1,"featured_media":6552,"comment_status":"closed","ping_status":"closed","sticky":false,"template":"","format":"standard","meta":{"footnotes":""},"categories":[3,4,5,7],"tags":[],"class_list":["post-6551","post","type-post","status-publish","format-standard","has-post-thumbnail","hentry","category-destaque","category-locais","category-noticias","category-sem-categoria"],"aioseo_notices":[],"_links":{"self":[{"href":"https:\/\/sertaneja95fm.com.br\/sited\/wp-json\/wp\/v2\/posts\/6551","targetHints":{"allow":["GET"]}}],"collection":[{"href":"https:\/\/sertaneja95fm.com.br\/sited\/wp-json\/wp\/v2\/posts"}],"about":[{"href":"https:\/\/sertaneja95fm.com.br\/sited\/wp-json\/wp\/v2\/types\/post"}],"author":[{"embeddable":true,"href":"https:\/\/sertaneja95fm.com.br\/sited\/wp-json\/wp\/v2\/users\/1"}],"replies":[{"embeddable":true,"href":"https:\/\/sertaneja95fm.com.br\/sited\/wp-json\/wp\/v2\/comments?post=6551"}],"version-history":[{"count":0,"href":"https:\/\/sertaneja95fm.com.br\/sited\/wp-json\/wp\/v2\/posts\/6551\/revisions"}],"wp:featuredmedia":[{"embeddable":true,"href":"https:\/\/sertaneja95fm.com.br\/sited\/wp-json\/"}],"wp:attachment":[{"href":"https:\/\/sertaneja95fm.com.br\/sited\/wp-json\/wp\/v2\/media?parent=6551"}],"wp:term":[{"taxonomy":"category","embeddable":true,"href":"https:\/\/sertaneja95fm.com.br\/sited\/wp-json\/wp\/v2\/categories?post=6551"},{"taxonomy":"post_tag","embeddable":true,"href":"https:\/\/sertaneja95fm.com.br\/sited\/wp-json\/wp\/v2\/tags?post=6551"}],"curies":[{"name":"wp","href":"https:\/\/api.w.org\/{rel}","templated":true}]}}