{"id":6563,"date":"2022-03-28T08:15:07","date_gmt":"2022-03-28T11:15:07","guid":{"rendered":"https:\/\/sertaneja95fm.com.br\/?p=6563"},"modified":"2022-03-28T08:15:07","modified_gmt":"2022-03-28T11:15:07","slug":"entenda-como-sera-o-pagamento-antecipado-do-13o-salario-do-inss","status":"publish","type":"post","link":"https:\/\/sertaneja95fm.com.br\/sited\/entenda-como-sera-o-pagamento-antecipado-do-13o-salario-do-inss\/","title":{"rendered":"Entenda como ser\u00e1 o pagamento antecipado do 13\u00ba sal\u00e1rio do INSS"},"content":{"rendered":"\n<p>O 13\u00ba sal\u00e1rio deste ano dos benefici\u00e1rios do INSS (Instituto Nacional do Seguro Social) foi antecipado e come\u00e7ar\u00e1 a ser pago em abril. De acordo com portaria do Minsit\u00e9rio do Trabalho e Previd\u00eancia, publicada no Di\u00e1rio Oficial na \u00faltima semana, o pagamento ser\u00e1 em duas parcelas, em abril e em maio. A medida benericiar\u00e1 mais de 30 milh\u00f5es de segurados.<\/p>\n\n\n\n<p>Aposentados e pensionistas, em maioria, receber\u00e3o 50% do valor do benef\u00edcio na primeira parcela. A exce\u00e7\u00e3o \u00e9 para quem passou a receber o benef\u00edcio depois de janeiro. Neste caso, o valor ser\u00e1 calculado proporcionalmente. Na segunda parcela, tem previs\u00e3o de desconto do Imposto de Renda, para quem \u00e9 obrigado a pagar.<\/p>\n\n\n\n<p>Os segurados que recebem benef\u00edcio por incapacidade tempor\u00e1ria (antigo aux\u00edlio-doen\u00e7a) tamb\u00e9m t\u00eam direito a uma parcela menor do que os 50%. Nesse caso, a antecipa\u00e7\u00e3o \u00e9 calculada de acordo com o tempo de dura\u00e7\u00e3o do benef\u00edcio.<\/p>\n\n\n\n<p>Por lei, n\u00e3o t\u00eam direito ao 13\u00ba sal\u00e1rio os segurados que recebem benef\u00edcios assistenciais. Por isso, o n\u00famero de benef\u00edcios com o 13\u00ba sal\u00e1rio \u00e9 menor do que o n\u00famero total de benef\u00edcios pagos pelo INSS.<\/p>\n\n\n\n<p>Para os benef\u00edcios concedidos ap\u00f3s o m\u00eas de maio de 2022, o pagamento do abono anual ser\u00e1 efetuado em parcela \u00fanica, juntamente com a mensalidade da compet\u00eancia novembro\/2022.<\/p>\n\n\n\n<p>Nos \u00faltimos dois anos, em 2020 e 2021, o 13\u00ba sal\u00e1rio tamb\u00e9m foi antecipado, como a\u00e7\u00e3o para minimizar os impactos provocados pela pandemia do novo coronav\u00edrus. Normalmente, o abono \u00e9 pago no segundo semestre do ano, em agosto e novembro.<\/p>\n\n\n\n<p>O adiantamento da remunera\u00e7\u00e3o extra, num total de R$ 56 bilh\u00f5es, \u00e9 apontado pelo Minist\u00e9rio da Economia como uma ferramenta para estimular a economia.<\/p>\n\n\n\n<p><strong>R<\/strong>7<\/p>\n\n\n\n<p>Foto: ALOISIO MAURICIO\/FOTOARENA\/ESTAD\u00c3O CONTE\u00daDO<a href=\"tg:\/\/msg?text=https%3A%2F%2Fwww.blogdobg.com.br%2Fentenda-como-sera-o-pagamento-antecipado-do-13o-salario-do-inss%2F%20Entenda%20como%20ser%C3%A1%20o%20pagamento%20antecipado%20do%2013%C2%BA%20sal%C3%A1rio%20do%20INSS\"><\/a><\/p>\n","protected":false},"excerpt":{"rendered":"<p>O 13\u00ba sal\u00e1rio deste ano dos benefici\u00e1rios do INSS (Instituto Nacional do Seguro Social) foi antecipado e come\u00e7ar\u00e1 a ser pago em abril. De acordo com portaria do Minsit\u00e9rio do Trabalho e Previd\u00eancia, publicada no Di\u00e1rio Oficial na \u00faltima semana, o pagamento ser\u00e1 em duas parcelas, em abril e em maio. A medida benericiar\u00e1 mais [&hellip;]<\/p>\n","protected":false},"author":1,"featured_media":6564,"comment_status":"closed","ping_status":"closed","sticky":false,"template":"","format":"standard","meta":{"footnotes":""},"categories":[3,4,5,8],"tags":[],"class_list":["post-6563","post","type-post","status-publish","format-standard","has-post-thumbnail","hentry","category-destaque","category-locais","category-noticias","category-ultimas"],"aioseo_notices":[],"_links":{"self":[{"href":"https:\/\/sertaneja95fm.com.br\/sited\/wp-json\/wp\/v2\/posts\/6563","targetHints":{"allow":["GET"]}}],"collection":[{"href":"https:\/\/sertaneja95fm.com.br\/sited\/wp-json\/wp\/v2\/posts"}],"about":[{"href":"https:\/\/sertaneja95fm.com.br\/sited\/wp-json\/wp\/v2\/types\/post"}],"author":[{"embeddable":true,"href":"https:\/\/sertaneja95fm.com.br\/sited\/wp-json\/wp\/v2\/users\/1"}],"replies":[{"embeddable":true,"href":"https:\/\/sertaneja95fm.com.br\/sited\/wp-json\/wp\/v2\/comments?post=6563"}],"version-history":[{"count":0,"href":"https:\/\/sertaneja95fm.com.br\/sited\/wp-json\/wp\/v2\/posts\/6563\/revisions"}],"wp:featuredmedia":[{"embeddable":true,"href":"https:\/\/sertaneja95fm.com.br\/sited\/wp-json\/"}],"wp:attachment":[{"href":"https:\/\/sertaneja95fm.com.br\/sited\/wp-json\/wp\/v2\/media?parent=6563"}],"wp:term":[{"taxonomy":"category","embeddable":true,"href":"https:\/\/sertaneja95fm.com.br\/sited\/wp-json\/wp\/v2\/categories?post=6563"},{"taxonomy":"post_tag","embeddable":true,"href":"https:\/\/sertaneja95fm.com.br\/sited\/wp-json\/wp\/v2\/tags?post=6563"}],"curies":[{"name":"wp","href":"https:\/\/api.w.org\/{rel}","templated":true}]}}