{"id":6566,"date":"2022-03-28T08:17:17","date_gmt":"2022-03-28T11:17:17","guid":{"rendered":"https:\/\/sertaneja95fm.com.br\/?p=6566"},"modified":"2022-03-28T08:17:17","modified_gmt":"2022-03-28T11:17:17","slug":"covid-metade-dos-internados-tem-piora-na-qualidade-de-vida-apos-alta","status":"publish","type":"post","link":"https:\/\/sertaneja95fm.com.br\/sited\/covid-metade-dos-internados-tem-piora-na-qualidade-de-vida-apos-alta\/","title":{"rendered":"Covid: metade dos internados t\u00eam piora na qualidade de vida ap\u00f3s alta"},"content":{"rendered":"\n<p>Por meio da revis\u00e3o de publica\u00e7\u00f5es cient\u00edficas, pesquisadores da Universidade Federal dos Vales do Jequitinhonha e Mucuri (UFVJM), em Minas Gerais, identificaram preju\u00edzos \u00e0 qualidade de vida p\u00f3s-alta hospitalar na maior parte dos pacientes internados por Covid entre 2020 e 2022.<\/p>\n\n\n\n<p>Meses depois da alta, at\u00e9 51% dos recuperados relataram as chamadas sequelas, sobre as quais ainda se sabe relativamente pouco. Os 24 estudos revisados pela equipe de pesquisadores consideravam aspectos sociais, mentais e f\u00edsicos dos pacientes acometidos pela doen\u00e7a.<\/p>\n\n\n\n<p>A maior taxa referente \u00e0 piora na qualidade de vida foi identificada entre mulheres e idosos. Homens, no entanto, enfrentam maior letalidade ou gravidade no quadro cl\u00ednico. Os sintomas postergados p\u00f3s-interna\u00e7\u00e3o ultrapassam 30 dias ap\u00f3s a alta m\u00e9dica.<\/p>\n\n\n\n<p>Ainda n\u00e3o \u00e9 poss\u00edvel, por\u00e9m, explicar com exatid\u00e3o os motivos por tr\u00e1s da diferen\u00e7a de quadros cl\u00ednicos entre homens e mulheres. \u201cAtualmente ainda h\u00e1 muita especula\u00e7\u00e3o, \u00e9 complicado afirmar\u201d, explica Henrique Silveira Costa, um dos autores do estudo.<\/p>\n\n\n\n<p>O estudo n\u00e3o visa identificar sintomas, mas apenas constatar condi\u00e7\u00f5es prejudiciais no cotidiano dos pacientes contaminados. \u201cObservamos que a qualidade de vida \u00e9 deteriorada em aspectos f\u00edsicos e mentais. Nos aspectos f\u00edsicos, predominam as dores por m\u00faltiplas causas: dor articular, tor\u00e1cica, na regi\u00e3o da cabe\u00e7a e mialgia generalizada\u201d, detalha Henrique. \u201cJ\u00e1 os aspectos mentais identificados s\u00e3o ansiedade, depress\u00e3o, estresse p\u00f3s-traum\u00e1tico e medo da reinfec\u00e7\u00e3o.\u201d<\/p>\n\n\n\n<p>Um dos pesquisadores destaca que constatou o comprometimento mental em pacientes que precisaram de interna\u00e7\u00e3o por Covid durante a pandemia. \u201cAs pessoas passaram a ter medo de ficarem sozinhas em casa, de se reinfectarem. A hospitaliza\u00e7\u00e3o afeta tamb\u00e9m aspectos sociais\u201d, conta.<\/p>\n\n\n\n<p><strong>Metr\u00f3poles<\/strong><\/p>\n\n\n\n<p><strong>Foto: S\u00e9rgio Lima\/Poder360<\/strong><\/p>\n","protected":false},"excerpt":{"rendered":"<p>Por meio da revis\u00e3o de publica\u00e7\u00f5es cient\u00edficas, pesquisadores da Universidade Federal dos Vales do Jequitinhonha e Mucuri (UFVJM), em Minas Gerais, identificaram preju\u00edzos \u00e0 qualidade de vida p\u00f3s-alta hospitalar na maior parte dos pacientes internados por Covid entre 2020 e 2022. Meses depois da alta, at\u00e9 51% dos recuperados relataram as chamadas sequelas, sobre as [&hellip;]<\/p>\n","protected":false},"author":1,"featured_media":6568,"comment_status":"closed","ping_status":"closed","sticky":false,"template":"","format":"standard","meta":{"footnotes":""},"categories":[3,4,5,8],"tags":[],"class_list":["post-6566","post","type-post","status-publish","format-standard","has-post-thumbnail","hentry","category-destaque","category-locais","category-noticias","category-ultimas"],"aioseo_notices":[],"_links":{"self":[{"href":"https:\/\/sertaneja95fm.com.br\/sited\/wp-json\/wp\/v2\/posts\/6566","targetHints":{"allow":["GET"]}}],"collection":[{"href":"https:\/\/sertaneja95fm.com.br\/sited\/wp-json\/wp\/v2\/posts"}],"about":[{"href":"https:\/\/sertaneja95fm.com.br\/sited\/wp-json\/wp\/v2\/types\/post"}],"author":[{"embeddable":true,"href":"https:\/\/sertaneja95fm.com.br\/sited\/wp-json\/wp\/v2\/users\/1"}],"replies":[{"embeddable":true,"href":"https:\/\/sertaneja95fm.com.br\/sited\/wp-json\/wp\/v2\/comments?post=6566"}],"version-history":[{"count":0,"href":"https:\/\/sertaneja95fm.com.br\/sited\/wp-json\/wp\/v2\/posts\/6566\/revisions"}],"wp:featuredmedia":[{"embeddable":true,"href":"https:\/\/sertaneja95fm.com.br\/sited\/wp-json\/"}],"wp:attachment":[{"href":"https:\/\/sertaneja95fm.com.br\/sited\/wp-json\/wp\/v2\/media?parent=6566"}],"wp:term":[{"taxonomy":"category","embeddable":true,"href":"https:\/\/sertaneja95fm.com.br\/sited\/wp-json\/wp\/v2\/categories?post=6566"},{"taxonomy":"post_tag","embeddable":true,"href":"https:\/\/sertaneja95fm.com.br\/sited\/wp-json\/wp\/v2\/tags?post=6566"}],"curies":[{"name":"wp","href":"https:\/\/api.w.org\/{rel}","templated":true}]}}