{"id":6572,"date":"2022-04-01T08:48:06","date_gmt":"2022-04-01T11:48:06","guid":{"rendered":"https:\/\/sertaneja95fm.com.br\/?p=6572"},"modified":"2022-04-01T08:48:06","modified_gmt":"2022-04-01T11:48:06","slug":"ex-bbb-rodrigo-mussi-passa-por-cirurgia-na-cabeca-e-permanecera-em-observacao-nas-proximas-48-horas","status":"publish","type":"post","link":"https:\/\/sertaneja95fm.com.br\/sited\/ex-bbb-rodrigo-mussi-passa-por-cirurgia-na-cabeca-e-permanecera-em-observacao-nas-proximas-48-horas\/","title":{"rendered":"Ex-&#8216;BBB&#8217; Rodrigo Mussi passa por cirurgia na cabe\u00e7a e permanecer\u00e1 em observa\u00e7\u00e3o nas pr\u00f3ximas 48 horas"},"content":{"rendered":"\n<p>O ex-BBB Rodrigo Mussi passou por uma cirurgia na cabe\u00e7a na noite desta quinta-feira (31), ap\u00f3s&nbsp;<a href=\"https:\/\/g1.globo.com\/sp\/sao-paulo\/noticia\/2022\/03\/31\/ex-bbb-rodrigo-mussi-sofre-acidente-de-carro-e-esta-internado-no-hospital-das-clinicas.ghtml\">sofrer um acidente de carro em S\u00e3o Paulo<\/a>.<\/p>\n\n\n\n<p>Ele permanecer\u00e1 em observa\u00e7\u00e3o nas pr\u00f3ximas 48 horas, para que sejam definidos os novos procedimentos e medica\u00e7\u00f5es.<\/p>\n\n\n\n<p>As informa\u00e7\u00f5es foram divulgadas pela assessoria de imprensa do ex-BBB.<\/p>\n\n\n\n<p>Mussi participou desta 22\u00aa edi\u00e7\u00e3o do programa.<\/p>\n\n\n\n<p>Ele est\u00e1 internando no Hospital das Cl\u00ednicas, na Zona Oeste da capital paulista. Um boletim m\u00e9dico deve ser divulgado pelo hospital na manh\u00e3 desta sexta (1\u00b0).<\/p>\n\n\n\n<p>Ainda de acordo a assessoria de imprensa de Mussi, o estado de sa\u00fade \u00e9 considerado &#8220;delicado, por\u00e9m, est\u00e1vel&#8221;.<\/p>\n\n\n\n<p>Ele estava em um carro por aplicativo que se chocou com um caminh\u00e3o na madrugada desta quinta na Marginal Pinheiros.<\/p>\n\n\n\n<p><strong>Por g1 SP<\/strong><\/p>\n\n\n\n<p>Foto: Celso Tavares\/g1<\/p>\n\n\n\n<p><\/p>\n","protected":false},"excerpt":{"rendered":"<p>O ex-BBB Rodrigo Mussi passou por uma cirurgia na cabe\u00e7a na noite desta quinta-feira (31), ap\u00f3s&nbsp;sofrer um acidente de carro em S\u00e3o Paulo. Ele permanecer\u00e1 em observa\u00e7\u00e3o nas pr\u00f3ximas 48 horas, para que sejam definidos os novos procedimentos e medica\u00e7\u00f5es. As informa\u00e7\u00f5es foram divulgadas pela assessoria de imprensa do ex-BBB. Mussi participou desta 22\u00aa edi\u00e7\u00e3o [&hellip;]<\/p>\n","protected":false},"author":1,"featured_media":6573,"comment_status":"closed","ping_status":"closed","sticky":false,"template":"","format":"standard","meta":{"footnotes":""},"categories":[3,4,5,8],"tags":[],"class_list":["post-6572","post","type-post","status-publish","format-standard","has-post-thumbnail","hentry","category-destaque","category-locais","category-noticias","category-ultimas"],"aioseo_notices":[],"_links":{"self":[{"href":"https:\/\/sertaneja95fm.com.br\/sited\/wp-json\/wp\/v2\/posts\/6572","targetHints":{"allow":["GET"]}}],"collection":[{"href":"https:\/\/sertaneja95fm.com.br\/sited\/wp-json\/wp\/v2\/posts"}],"about":[{"href":"https:\/\/sertaneja95fm.com.br\/sited\/wp-json\/wp\/v2\/types\/post"}],"author":[{"embeddable":true,"href":"https:\/\/sertaneja95fm.com.br\/sited\/wp-json\/wp\/v2\/users\/1"}],"replies":[{"embeddable":true,"href":"https:\/\/sertaneja95fm.com.br\/sited\/wp-json\/wp\/v2\/comments?post=6572"}],"version-history":[{"count":0,"href":"https:\/\/sertaneja95fm.com.br\/sited\/wp-json\/wp\/v2\/posts\/6572\/revisions"}],"wp:featuredmedia":[{"embeddable":true,"href":"https:\/\/sertaneja95fm.com.br\/sited\/wp-json\/"}],"wp:attachment":[{"href":"https:\/\/sertaneja95fm.com.br\/sited\/wp-json\/wp\/v2\/media?parent=6572"}],"wp:term":[{"taxonomy":"category","embeddable":true,"href":"https:\/\/sertaneja95fm.com.br\/sited\/wp-json\/wp\/v2\/categories?post=6572"},{"taxonomy":"post_tag","embeddable":true,"href":"https:\/\/sertaneja95fm.com.br\/sited\/wp-json\/wp\/v2\/tags?post=6572"}],"curies":[{"name":"wp","href":"https:\/\/api.w.org\/{rel}","templated":true}]}}