{"id":6575,"date":"2022-04-01T08:49:52","date_gmt":"2022-04-01T11:49:52","guid":{"rendered":"https:\/\/sertaneja95fm.com.br\/?p=6575"},"modified":"2022-04-01T08:49:52","modified_gmt":"2022-04-01T11:49:52","slug":"detran-rn-toma-medidas-apos-denuncia-de-aprovacao-de-veiculos-reprovados-em-vistoria","status":"publish","type":"post","link":"https:\/\/sertaneja95fm.com.br\/sited\/detran-rn-toma-medidas-apos-denuncia-de-aprovacao-de-veiculos-reprovados-em-vistoria\/","title":{"rendered":"Detran-RN toma medidas ap\u00f3s den\u00fancia de aprova\u00e7\u00e3o de ve\u00edculos reprovados em vistoria"},"content":{"rendered":"\n<p>Ap\u00f3s a den\u00fancia que&nbsp;<a href=\"https:\/\/www.blogdobg.com.br\/site-especializado-em-detrans-diz-que-o-detran-rn-aprova-veiculos-reprovados-em-vistoria\/\">ve\u00edculos vistoriados pelo DETRAN\/RN s\u00e3o aprovados de forma irregular mesmo tendo sido reprovados na vistoria t\u00e9cnica eletr\u00f4nica<\/a>, o \u00f3rg\u00e3o emitiu uma nota de esclarecimento com cinco medidas que ser\u00e3o tomadas.<\/p>\n\n\n\n<p><strong>Confira a nota na \u00edntegra abaixo:<\/strong><\/p>\n\n\n\n<p><em>O Departamento Estadual de Tr\u00e2nsito do RN (Detran) esclarece que ao receber a den\u00fancia de que ve\u00edculo vistoriado pelo \u00d3rg\u00e3o teria sido aprovado de maneira irregular, tomou as seguintes decis\u00f5es:<\/em><\/p>\n\n\n\n<p><em>1- Acionou a Coordenadoria de Registro de Ve\u00edculos (Coreg) para de imediato iniciar o processo de averigua\u00e7\u00e3o referente aos autom\u00f3veis alvos da den\u00fancia;<\/em><\/p>\n\n\n\n<p><em>2- Caso a den\u00fancia se configure com ind\u00edcios de verdade, ser\u00e1 aberto processo administrativo para apurar o caso, como tamb\u00e9m, ser\u00e1 acionado o \u00f3rg\u00e3o policial competente para averiguar poss\u00edveis crimes e identificar culpados, se assim houver;<\/em><\/p>\n\n\n\n<p><em>3- Lembramos a sociedade que dispomos de canais formais de den\u00fancias, como a Ouvidoria do Detran\/RN, e que situa\u00e7\u00f5es dessa natureza podem ser informadas que ser\u00e3o alvo de investiga\u00e7\u00e3o criteriosa por parte do Detran\/RN;<\/em><\/p>\n\n\n\n<p><em>4- Ressaltamos que o Detran\/RN vem combatendo toda e qualquer a\u00e7\u00e3o irregular apontada, sendo inclusive parceiro da Pol\u00edcia Civil em investiga\u00e7\u00f5es que zelam pela lisura, pela transpar\u00eancia e pelo servi\u00e7o p\u00fablico legal prestado pelo Departamento;<\/em><\/p>\n\n\n\n<p><em>5- Por fim, tranquilizamos aos cidad\u00e3os, pois a partir deste m\u00eas de abril todas as vistorias veiculares realizadas no Rio Grande do Norte ser\u00e3o feitas exclusivamente pelo Detran\/RN, que hoje disp\u00f5e de tecnologia completa para a boa presta\u00e7\u00e3o desse servi\u00e7o.<\/em><\/p>\n\n\n\n<p><em><strong>Departamento Estadual de Tr\u00e2nsito do RN<\/strong><\/em><br><em><strong>Natal-RN, 31 de mar\u00e7o de 2022<\/strong><\/em><\/p>\n\n\n\n<p>BG<\/p>\n","protected":false},"excerpt":{"rendered":"<p>Ap\u00f3s a den\u00fancia que&nbsp;ve\u00edculos vistoriados pelo DETRAN\/RN s\u00e3o aprovados de forma irregular mesmo tendo sido reprovados na vistoria t\u00e9cnica eletr\u00f4nica, o \u00f3rg\u00e3o emitiu uma nota de esclarecimento com cinco medidas que ser\u00e3o tomadas. Confira a nota na \u00edntegra abaixo: O Departamento Estadual de Tr\u00e2nsito do RN (Detran) esclarece que ao receber a den\u00fancia de que [&hellip;]<\/p>\n","protected":false},"author":1,"featured_media":6576,"comment_status":"closed","ping_status":"closed","sticky":false,"template":"","format":"standard","meta":{"footnotes":""},"categories":[3,4,5,7],"tags":[],"class_list":["post-6575","post","type-post","status-publish","format-standard","has-post-thumbnail","hentry","category-destaque","category-locais","category-noticias","category-sem-categoria"],"aioseo_notices":[],"_links":{"self":[{"href":"https:\/\/sertaneja95fm.com.br\/sited\/wp-json\/wp\/v2\/posts\/6575","targetHints":{"allow":["GET"]}}],"collection":[{"href":"https:\/\/sertaneja95fm.com.br\/sited\/wp-json\/wp\/v2\/posts"}],"about":[{"href":"https:\/\/sertaneja95fm.com.br\/sited\/wp-json\/wp\/v2\/types\/post"}],"author":[{"embeddable":true,"href":"https:\/\/sertaneja95fm.com.br\/sited\/wp-json\/wp\/v2\/users\/1"}],"replies":[{"embeddable":true,"href":"https:\/\/sertaneja95fm.com.br\/sited\/wp-json\/wp\/v2\/comments?post=6575"}],"version-history":[{"count":0,"href":"https:\/\/sertaneja95fm.com.br\/sited\/wp-json\/wp\/v2\/posts\/6575\/revisions"}],"wp:featuredmedia":[{"embeddable":true,"href":"https:\/\/sertaneja95fm.com.br\/sited\/wp-json\/"}],"wp:attachment":[{"href":"https:\/\/sertaneja95fm.com.br\/sited\/wp-json\/wp\/v2\/media?parent=6575"}],"wp:term":[{"taxonomy":"category","embeddable":true,"href":"https:\/\/sertaneja95fm.com.br\/sited\/wp-json\/wp\/v2\/categories?post=6575"},{"taxonomy":"post_tag","embeddable":true,"href":"https:\/\/sertaneja95fm.com.br\/sited\/wp-json\/wp\/v2\/tags?post=6575"}],"curies":[{"name":"wp","href":"https:\/\/api.w.org\/{rel}","templated":true}]}}