{"id":6580,"date":"2022-04-06T06:29:43","date_gmt":"2022-04-06T09:29:43","guid":{"rendered":"https:\/\/sertaneja95fm.com.br\/?p=6580"},"modified":"2022-04-06T06:29:43","modified_gmt":"2022-04-06T09:29:43","slug":"boa-noticianao-e-mais-obrigado-usar-mascaras-no-rn","status":"publish","type":"post","link":"https:\/\/sertaneja95fm.com.br\/sited\/boa-noticianao-e-mais-obrigado-usar-mascaras-no-rn\/","title":{"rendered":"BOA NOTICIA:N\u00e3o \u00e9 mais obrigado usar m\u00e1scaras no RN"},"content":{"rendered":"\n<p>O Comit\u00ea Cient\u00edfico de Especialistas da Secretaria de Estado da Sa\u00fade P\u00fablica (Sesap) decidiu recomendar a flexibiliza\u00e7\u00e3o do uso de m\u00e1scaras em locais abertos e fechados no Rio Grande do Norte. A decis\u00e3o foi tomada durante reuni\u00e3o na noite desta ter\u00e7a-feira, 05, com base no quadro epidemiol\u00f3gico e assistencial do Estado, que aponta para um baixo patamar de infectados, \u00f3bitos e interna\u00e7\u00f5es.<\/p>\n\n\n\n<p>A informa\u00e7\u00e3o foi repassada pela Governadora F\u00e1tima Bezerra por meio do twitter e confirmada pela assessoria de comunica\u00e7\u00e3o da Secretaria Estadual de Sa\u00fade.<\/p>\n\n\n\n<p>A flexibiliza\u00e7\u00e3o do uso de m\u00e1scaras no Rio Grande do Norte dever\u00e1 ser publicada em edi\u00e7\u00e3o extra do Di\u00e1rio Oficial desta quarta-feira, 06.<\/p>\n\n\n\n<p>Agora RN<\/p>\n\n\n\n<p>(Foto: Pixabay)<\/p>\n","protected":false},"excerpt":{"rendered":"<p>O Comit\u00ea Cient\u00edfico de Especialistas da Secretaria de Estado da Sa\u00fade P\u00fablica (Sesap) decidiu recomendar a flexibiliza\u00e7\u00e3o do uso de m\u00e1scaras em locais abertos e fechados no Rio Grande do Norte. A decis\u00e3o foi tomada durante reuni\u00e3o na noite desta ter\u00e7a-feira, 05, com base no quadro epidemiol\u00f3gico e assistencial do Estado, que aponta para um [&hellip;]<\/p>\n","protected":false},"author":1,"featured_media":6581,"comment_status":"closed","ping_status":"closed","sticky":false,"template":"","format":"standard","meta":{"footnotes":""},"categories":[3,4,5,8],"tags":[],"class_list":["post-6580","post","type-post","status-publish","format-standard","has-post-thumbnail","hentry","category-destaque","category-locais","category-noticias","category-ultimas"],"aioseo_notices":[],"_links":{"self":[{"href":"https:\/\/sertaneja95fm.com.br\/sited\/wp-json\/wp\/v2\/posts\/6580","targetHints":{"allow":["GET"]}}],"collection":[{"href":"https:\/\/sertaneja95fm.com.br\/sited\/wp-json\/wp\/v2\/posts"}],"about":[{"href":"https:\/\/sertaneja95fm.com.br\/sited\/wp-json\/wp\/v2\/types\/post"}],"author":[{"embeddable":true,"href":"https:\/\/sertaneja95fm.com.br\/sited\/wp-json\/wp\/v2\/users\/1"}],"replies":[{"embeddable":true,"href":"https:\/\/sertaneja95fm.com.br\/sited\/wp-json\/wp\/v2\/comments?post=6580"}],"version-history":[{"count":0,"href":"https:\/\/sertaneja95fm.com.br\/sited\/wp-json\/wp\/v2\/posts\/6580\/revisions"}],"wp:featuredmedia":[{"embeddable":true,"href":"https:\/\/sertaneja95fm.com.br\/sited\/wp-json\/"}],"wp:attachment":[{"href":"https:\/\/sertaneja95fm.com.br\/sited\/wp-json\/wp\/v2\/media?parent=6580"}],"wp:term":[{"taxonomy":"category","embeddable":true,"href":"https:\/\/sertaneja95fm.com.br\/sited\/wp-json\/wp\/v2\/categories?post=6580"},{"taxonomy":"post_tag","embeddable":true,"href":"https:\/\/sertaneja95fm.com.br\/sited\/wp-json\/wp\/v2\/tags?post=6580"}],"curies":[{"name":"wp","href":"https:\/\/api.w.org\/{rel}","templated":true}]}}