{"id":6667,"date":"2022-06-22T09:24:55","date_gmt":"2022-06-22T12:24:55","guid":{"rendered":"https:\/\/sertaneja95fm.com.br\/?p=6667"},"modified":"2022-06-22T09:24:55","modified_gmt":"2022-06-22T12:24:55","slug":"caminhoneiros-chamam-de-esmola-e-deboche-auxilio-de-r-400-do-governo","status":"publish","type":"post","link":"https:\/\/sertaneja95fm.com.br\/sited\/caminhoneiros-chamam-de-esmola-e-deboche-auxilio-de-r-400-do-governo\/","title":{"rendered":"Caminhoneiros chamam de \u2018esmola\u2019 e \u2018deboche\u2019 aux\u00edlio de R$ 400 do governo"},"content":{"rendered":"\n<p>Representantes dos caminhoneiros criticaram duramente a proposta do governo federal de conceder aux\u00edlio mensal de R$ 400 para a categoria, como forma de amenizar os gastos com a alta do pre\u00e7o do diesel. Para l\u00edderes da classe, o valor irris\u00f3rio est\u00e1 longe de melhorar a situa\u00e7\u00e3o dos motoristas. Eles mant\u00eam a reivindica\u00e7\u00e3o de que o governo adote medidas que estabilizem o pre\u00e7o do combust\u00edvel nos postos, como a cria\u00e7\u00e3o de um fundo para amortecer os aumentos e o fim da Paridade dos Pre\u00e7os de Importa\u00e7\u00e3o (PPI).<\/p>\n\n\n\n<p>Presidente da Associa\u00e7\u00e3o Brasileira de Condutores de Ve\u00edculos Automotores (Abrava), Wallace Landim, o Chor\u00e3o, atacou a proposta. \u201cOntem o governo federal recebeu R$ 8,8 bilh\u00f5es dos lucros da Petrobras, os acionistas receberam R$ 24 bilh\u00f5es. Agora, Bolsonaro me vem com a proposta de R$ 400 de voucher para os caminhoneiros\u201d, diz Chor\u00e3o. \u201cLira tem que procurar algum amigo que seja transportador para se informar se isso vai fazer algum efeito para a categoria. \u00c9 uma esmola\u201d.<\/p>\n\n\n\n<p>Plinio Dias, presidente do Conselho Nacional do Transporte Rodovi\u00e1rio de Cargas (CNTRC), afirma que a proposta n\u00e3o tem cabimento. \u201cO governo est\u00e1 brincando com a categoria, j\u00e1 que R$ 400 hoje n\u00e3o d\u00e1 nem para 100 litros de diesel, nem cobre os ped\u00e1gios de uma viagem\u201d, reclama Dias.<\/p>\n\n\n\n<p>\u201cEles (integrantes do governo) est\u00e3o totalmente fora de no\u00e7\u00e3o sobre o que \u00e9 o transporte rodovi\u00e1rio. Enquanto o presidente Bolsonaro n\u00e3o ouvir os leg\u00edtimos caminhoneiros que desde 2021 tentam avisar que a nossa situa\u00e7\u00e3o est\u00e1 cada vez mais prec\u00e1ria, n\u00e3o vai chegar a lugar algum\u201d.<\/p>\n\n\n\n<p>Tamb\u00e9m o principal representante da classe no Congresso critica a ideia do voucher. Presidente da Frente Parlamentar em Defesa do Caminhoneiro Aut\u00f4nomo e Celetista, o deputado Nereu Crispim (PSD-RS) diz que o presidente Jair Bolsonaro e o ministro Paulo Guedes se superaram. \u201cEssa proposta \u00e9 um deboche, desespero total, est\u00e3o como baratas tontas\u201d, critica Crispim. \u201cPariram uma esmola eleitoreira que n\u00e3o paga a metade de uma recapagem de pneu. \u00c9 preciso ter respeito\u201d.<\/p>\n\n\n\n<p><strong>UOL<\/strong><\/p>\n\n\n\n<p>FOTO: REPRODU\u00c7\u00c3O <\/p>\n","protected":false},"excerpt":{"rendered":"<p>Representantes dos caminhoneiros criticaram duramente a proposta do governo federal de conceder aux\u00edlio mensal de R$ 400 para a categoria, como forma de amenizar os gastos com a alta do pre\u00e7o do diesel. Para l\u00edderes da classe, o valor irris\u00f3rio est\u00e1 longe de melhorar a situa\u00e7\u00e3o dos motoristas. Eles mant\u00eam a reivindica\u00e7\u00e3o de que o [&hellip;]<\/p>\n","protected":false},"author":1,"featured_media":6668,"comment_status":"closed","ping_status":"closed","sticky":false,"template":"","format":"standard","meta":{"footnotes":""},"categories":[3,4,5,7,8],"tags":[],"class_list":["post-6667","post","type-post","status-publish","format-standard","has-post-thumbnail","hentry","category-destaque","category-locais","category-noticias","category-sem-categoria","category-ultimas"],"aioseo_notices":[],"_links":{"self":[{"href":"https:\/\/sertaneja95fm.com.br\/sited\/wp-json\/wp\/v2\/posts\/6667","targetHints":{"allow":["GET"]}}],"collection":[{"href":"https:\/\/sertaneja95fm.com.br\/sited\/wp-json\/wp\/v2\/posts"}],"about":[{"href":"https:\/\/sertaneja95fm.com.br\/sited\/wp-json\/wp\/v2\/types\/post"}],"author":[{"embeddable":true,"href":"https:\/\/sertaneja95fm.com.br\/sited\/wp-json\/wp\/v2\/users\/1"}],"replies":[{"embeddable":true,"href":"https:\/\/sertaneja95fm.com.br\/sited\/wp-json\/wp\/v2\/comments?post=6667"}],"version-history":[{"count":0,"href":"https:\/\/sertaneja95fm.com.br\/sited\/wp-json\/wp\/v2\/posts\/6667\/revisions"}],"wp:featuredmedia":[{"embeddable":true,"href":"https:\/\/sertaneja95fm.com.br\/sited\/wp-json\/"}],"wp:attachment":[{"href":"https:\/\/sertaneja95fm.com.br\/sited\/wp-json\/wp\/v2\/media?parent=6667"}],"wp:term":[{"taxonomy":"category","embeddable":true,"href":"https:\/\/sertaneja95fm.com.br\/sited\/wp-json\/wp\/v2\/categories?post=6667"},{"taxonomy":"post_tag","embeddable":true,"href":"https:\/\/sertaneja95fm.com.br\/sited\/wp-json\/wp\/v2\/tags?post=6667"}],"curies":[{"name":"wp","href":"https:\/\/api.w.org\/{rel}","templated":true}]}}