{"id":6673,"date":"2022-06-22T09:30:37","date_gmt":"2022-06-22T12:30:37","guid":{"rendered":"https:\/\/sertaneja95fm.com.br\/?p=6673"},"modified":"2022-06-22T09:30:37","modified_gmt":"2022-06-22T12:30:37","slug":"a-cada-semana-uma-menina-de-ate-14-anos-faz-aborto-legal-no-brasil","status":"publish","type":"post","link":"https:\/\/sertaneja95fm.com.br\/sited\/a-cada-semana-uma-menina-de-ate-14-anos-faz-aborto-legal-no-brasil\/","title":{"rendered":"A cada semana, uma menina de at\u00e9 14 anos faz aborto legal no Brasil"},"content":{"rendered":"\n<p>A legisla\u00e7\u00e3o brasileira sobre aborto permite a interrup\u00e7\u00e3o da gravidez em tr\u00eas casos: quando a gravidez representa risco para a vida da mulher; ap\u00f3s estupro\/viol\u00eancia sexual; e em situa\u00e7\u00f5es de feto anenc\u00e9falo. Os obst\u00e1culos, contudo, ainda s\u00e3o muitos para realizar o procedimento, mesmo quando existe a permiss\u00e3o legal.<\/p>\n\n\n\n<p>O caso da menina de 11 anos em Santa Catarina, v\u00edtima de estupro e impedida pela ju\u00edza de realizar o aborto legal, chocou o pa\u00eds. At\u00e9 o m\u00eas de abril, apenas 15 meninas com at\u00e9 14 anos conseguiram fazer o procedimento pelo Sistema \u00danico de Sa\u00fade (SUS) no Brasil em 2022.<\/p>\n\n\n\n<p>Os dados foram obtidos pelo Metr\u00f3poles por meio do Datasus, que utiliza informa\u00e7\u00f5es do Sistema de Informa\u00e7\u00f5es Hospitalares do SUS (SIH\/SUS). No mesmo per\u00edodo de 2021, foram 45 abortos legais realizados em meninas de at\u00e9 14 anos; em 2020, 30.<\/p>\n\n\n\n<p>\u00c9 dif\u00edcil avaliar a varia\u00e7\u00e3o dos n\u00fameros, que podem ser fruto de subnotifica\u00e7\u00e3o do sistema, por exemplo. Dos 15 abortos legais realizados nesta faixa et\u00e1ria em 2022, nove foram feitos em meninas pardas, um em uma menina negra, tr\u00eas em meninas brancas e em dois casos n\u00e3o havia informa\u00e7\u00e3o sobre a ra\u00e7a.<\/p>\n\n\n\n<p>Nas situa\u00e7\u00f5es previstas por lei, autoriza\u00e7\u00f5es judiciais ou boletins de ocorr\u00eancia n\u00e3o s\u00e3o necess\u00e1rios para que o aborto seja feito. Qualquer hospital pode realiz\u00e1-lo, na teoria, mas poucos fazem de fato.<\/p>\n\n\n\n<p><strong>Metr\u00f3poles<\/strong><\/p>\n\n\n\n<p><strong>Foto: Christopher Furlong\/Getty Images<\/strong><\/p>\n","protected":false},"excerpt":{"rendered":"<p>A legisla\u00e7\u00e3o brasileira sobre aborto permite a interrup\u00e7\u00e3o da gravidez em tr\u00eas casos: quando a gravidez representa risco para a vida da mulher; ap\u00f3s estupro\/viol\u00eancia sexual; e em situa\u00e7\u00f5es de feto anenc\u00e9falo. Os obst\u00e1culos, contudo, ainda s\u00e3o muitos para realizar o procedimento, mesmo quando existe a permiss\u00e3o legal. O caso da menina de 11 anos [&hellip;]<\/p>\n","protected":false},"author":1,"featured_media":6674,"comment_status":"closed","ping_status":"closed","sticky":false,"template":"","format":"standard","meta":{"footnotes":""},"categories":[5,8],"tags":[],"class_list":["post-6673","post","type-post","status-publish","format-standard","has-post-thumbnail","hentry","category-noticias","category-ultimas"],"aioseo_notices":[],"_links":{"self":[{"href":"https:\/\/sertaneja95fm.com.br\/sited\/wp-json\/wp\/v2\/posts\/6673","targetHints":{"allow":["GET"]}}],"collection":[{"href":"https:\/\/sertaneja95fm.com.br\/sited\/wp-json\/wp\/v2\/posts"}],"about":[{"href":"https:\/\/sertaneja95fm.com.br\/sited\/wp-json\/wp\/v2\/types\/post"}],"author":[{"embeddable":true,"href":"https:\/\/sertaneja95fm.com.br\/sited\/wp-json\/wp\/v2\/users\/1"}],"replies":[{"embeddable":true,"href":"https:\/\/sertaneja95fm.com.br\/sited\/wp-json\/wp\/v2\/comments?post=6673"}],"version-history":[{"count":0,"href":"https:\/\/sertaneja95fm.com.br\/sited\/wp-json\/wp\/v2\/posts\/6673\/revisions"}],"wp:featuredmedia":[{"embeddable":true,"href":"https:\/\/sertaneja95fm.com.br\/sited\/wp-json\/"}],"wp:attachment":[{"href":"https:\/\/sertaneja95fm.com.br\/sited\/wp-json\/wp\/v2\/media?parent=6673"}],"wp:term":[{"taxonomy":"category","embeddable":true,"href":"https:\/\/sertaneja95fm.com.br\/sited\/wp-json\/wp\/v2\/categories?post=6673"},{"taxonomy":"post_tag","embeddable":true,"href":"https:\/\/sertaneja95fm.com.br\/sited\/wp-json\/wp\/v2\/tags?post=6673"}],"curies":[{"name":"wp","href":"https:\/\/api.w.org\/{rel}","templated":true}]}}