{"id":6676,"date":"2022-06-22T09:34:37","date_gmt":"2022-06-22T12:34:37","guid":{"rendered":"https:\/\/sertaneja95fm.com.br\/?p=6676"},"modified":"2022-06-22T09:34:37","modified_gmt":"2022-06-22T12:34:37","slug":"covid-rn-registra-maior-numero-de-casos-diarios-desde-fevereiro","status":"publish","type":"post","link":"https:\/\/sertaneja95fm.com.br\/sited\/covid-rn-registra-maior-numero-de-casos-diarios-desde-fevereiro\/","title":{"rendered":"Covid: RN registra maior n\u00famero de casos di\u00e1rios desde fevereiro"},"content":{"rendered":"\n<p>Foram registrados 826 novos casos de covid-19 no Rio Grande do Norte nesta ter\u00e7a-feira (21). Esse \u00e9 o maior n\u00famero apontado para um dia desde 24 de fevereiro, conforme mostram os boletins atualizados diariamente pela Secretaria Estadual da Sa\u00fade P\u00fablica (Sesap).<\/p>\n\n\n\n<p>A eleva\u00e7\u00e3o dos casos \u00e9 acompanhada de uma alta na ocupa\u00e7\u00e3o dos leitos cr\u00edticos para tratamento da doen\u00e7a. Do in\u00edcio de junho para c\u00e1, a m\u00e9dia m\u00f3vel de ocupa\u00e7\u00e3o de UTIs Covid saltou de cerca de 45% para 65%. A Sesap v\u00ea tend\u00eancia de aumentos de casos no estado.<\/p>\n\n\n\n<p>\u201cN\u00f3s j\u00e1 v\u00ednhamos percebendo esse aumento nos \u00faltimos 15 dias. Nessa semana a gente ainda espera esse aumento de casos\u201d, afirmou a subcoordenadora de vigil\u00e2ncia epidemiol\u00f3gica da Sesap, Diana R\u00eago. Ela acredita que as subvariantes da \u00d4micron (BA.4-like e BA.5-like) em circula\u00e7\u00e3o no Rio Grande do Norte podem estar associadas \u00e0 eleva\u00e7\u00e3o dos registros.<\/p>\n\n\n\n<p>Nos primeiros 21 dias de junho, 9.683 novos casos foram registrados no estado. Como compara\u00e7\u00e3o, durante todo o m\u00eas de maio foram 845 notifica\u00e7\u00f5es. Os casos em acompanhamento tiveram um aumento de 513%, sendo 7.597 pacientes potiguares enquadrados nessa situa\u00e7\u00e3o.<\/p>\n\n\n\n<p>Em oposi\u00e7\u00e3o, os \u00f3bitos contabilizados neste m\u00eas s\u00e3o menos da metade do que em maio. Foram confirmadas 16 mortes em junho, enquanto que no m\u00eas anterior esse n\u00famero foi de 33 \u00f3bitos registrados.<\/p>\n\n\n\n<p><a href=\"http:\/\/www.tribunadonorte.com.br\/noticia\/covid-rn-registra-maior-naomero-de-casos-dia-rios-desde-fevereiro\/541144\">Tribuna do Norte<\/a><\/p>\n\n\n\n<p><strong>Foto: Reprodu\u00e7\u00e3o<\/strong><\/p>\n","protected":false},"excerpt":{"rendered":"<p>Foram registrados 826 novos casos de covid-19 no Rio Grande do Norte nesta ter\u00e7a-feira (21). Esse \u00e9 o maior n\u00famero apontado para um dia desde 24 de fevereiro, conforme mostram os boletins atualizados diariamente pela Secretaria Estadual da Sa\u00fade P\u00fablica (Sesap). A eleva\u00e7\u00e3o dos casos \u00e9 acompanhada de uma alta na ocupa\u00e7\u00e3o dos leitos cr\u00edticos [&hellip;]<\/p>\n","protected":false},"author":1,"featured_media":6677,"comment_status":"closed","ping_status":"closed","sticky":false,"template":"","format":"standard","meta":{"footnotes":""},"categories":[3,5,8],"tags":[],"class_list":["post-6676","post","type-post","status-publish","format-standard","has-post-thumbnail","hentry","category-destaque","category-noticias","category-ultimas"],"aioseo_notices":[],"_links":{"self":[{"href":"https:\/\/sertaneja95fm.com.br\/sited\/wp-json\/wp\/v2\/posts\/6676","targetHints":{"allow":["GET"]}}],"collection":[{"href":"https:\/\/sertaneja95fm.com.br\/sited\/wp-json\/wp\/v2\/posts"}],"about":[{"href":"https:\/\/sertaneja95fm.com.br\/sited\/wp-json\/wp\/v2\/types\/post"}],"author":[{"embeddable":true,"href":"https:\/\/sertaneja95fm.com.br\/sited\/wp-json\/wp\/v2\/users\/1"}],"replies":[{"embeddable":true,"href":"https:\/\/sertaneja95fm.com.br\/sited\/wp-json\/wp\/v2\/comments?post=6676"}],"version-history":[{"count":0,"href":"https:\/\/sertaneja95fm.com.br\/sited\/wp-json\/wp\/v2\/posts\/6676\/revisions"}],"wp:featuredmedia":[{"embeddable":true,"href":"https:\/\/sertaneja95fm.com.br\/sited\/wp-json\/"}],"wp:attachment":[{"href":"https:\/\/sertaneja95fm.com.br\/sited\/wp-json\/wp\/v2\/media?parent=6676"}],"wp:term":[{"taxonomy":"category","embeddable":true,"href":"https:\/\/sertaneja95fm.com.br\/sited\/wp-json\/wp\/v2\/categories?post=6676"},{"taxonomy":"post_tag","embeddable":true,"href":"https:\/\/sertaneja95fm.com.br\/sited\/wp-json\/wp\/v2\/tags?post=6676"}],"curies":[{"name":"wp","href":"https:\/\/api.w.org\/{rel}","templated":true}]}}