{"id":6679,"date":"2022-06-22T09:38:04","date_gmt":"2022-06-22T12:38:04","guid":{"rendered":"https:\/\/sertaneja95fm.com.br\/?p=6679"},"modified":"2022-06-22T09:38:04","modified_gmt":"2022-06-22T12:38:04","slug":"passagens-aereas-devem-ficar-mais-caras-projeta-confederacao","status":"publish","type":"post","link":"https:\/\/sertaneja95fm.com.br\/sited\/passagens-aereas-devem-ficar-mais-caras-projeta-confederacao\/","title":{"rendered":"Passagens a\u00e9reas devem ficar mais caras, projeta confedera\u00e7\u00e3o"},"content":{"rendered":"\n<p>Diante do aumento da demanda por voos e do elevado custo do querosene de avia\u00e7\u00e3o, o pre\u00e7o das passagens a\u00e9reas no Brasil deve continuar subindo nos pr\u00f3ximos meses.<\/p>\n\n\n\n<p>Segundo proje\u00e7\u00e3o da Confedera\u00e7\u00e3o Nacional do Com\u00e9rcio de Bens, Servi\u00e7os e Turismo (CNC), feita a pedido da CNN, a tend\u00eancia para os pr\u00f3ximos meses \u00e9 de que o custo das passagens siga pressionado, com previs\u00e3o de alta entre 5% e 10% no valor pago pelo consumidor.<\/p>\n\n\n\n<p>O levantamento da CNC destaca que, no intervalo entre os meses de maio e 2021 e deste ano, o pre\u00e7o das passagens a\u00e9reas no Brasil teve alta acumulada de, em m\u00e9dia, 89%.<\/p>\n\n\n\n<p>Atualmente, dos quase 400 itens analisados mensalmente pelo IBGE na cesta de produtos do \u00cdndice de Pre\u00e7os ao Consumidor Amplo (IPCA), as passagens a\u00e9reas est\u00e3o em quarto lugar entre os que mais subiram.<\/p>\n\n\n\n<p>Apesar da tend\u00eancia de alta para os pr\u00f3ximos meses, apontada pelo levantamento, as passagens devem ter valor ainda mais elevado no final do ano, quando a demanda tende a ser maior.<\/p>\n\n\n\n<p><strong>CNN Brasil<\/strong><\/p>\n\n\n\n<p><strong>Foto: Getty Images<\/strong><\/p>\n","protected":false},"excerpt":{"rendered":"<p>Diante do aumento da demanda por voos e do elevado custo do querosene de avia\u00e7\u00e3o, o pre\u00e7o das passagens a\u00e9reas no Brasil deve continuar subindo nos pr\u00f3ximos meses. Segundo proje\u00e7\u00e3o da Confedera\u00e7\u00e3o Nacional do Com\u00e9rcio de Bens, Servi\u00e7os e Turismo (CNC), feita a pedido da CNN, a tend\u00eancia para os pr\u00f3ximos meses \u00e9 de que [&hellip;]<\/p>\n","protected":false},"author":1,"featured_media":6682,"comment_status":"closed","ping_status":"closed","sticky":false,"template":"","format":"standard","meta":{"footnotes":""},"categories":[3,5,8],"tags":[],"class_list":["post-6679","post","type-post","status-publish","format-standard","has-post-thumbnail","hentry","category-destaque","category-noticias","category-ultimas"],"aioseo_notices":[],"_links":{"self":[{"href":"https:\/\/sertaneja95fm.com.br\/sited\/wp-json\/wp\/v2\/posts\/6679","targetHints":{"allow":["GET"]}}],"collection":[{"href":"https:\/\/sertaneja95fm.com.br\/sited\/wp-json\/wp\/v2\/posts"}],"about":[{"href":"https:\/\/sertaneja95fm.com.br\/sited\/wp-json\/wp\/v2\/types\/post"}],"author":[{"embeddable":true,"href":"https:\/\/sertaneja95fm.com.br\/sited\/wp-json\/wp\/v2\/users\/1"}],"replies":[{"embeddable":true,"href":"https:\/\/sertaneja95fm.com.br\/sited\/wp-json\/wp\/v2\/comments?post=6679"}],"version-history":[{"count":0,"href":"https:\/\/sertaneja95fm.com.br\/sited\/wp-json\/wp\/v2\/posts\/6679\/revisions"}],"wp:featuredmedia":[{"embeddable":true,"href":"https:\/\/sertaneja95fm.com.br\/sited\/wp-json\/"}],"wp:attachment":[{"href":"https:\/\/sertaneja95fm.com.br\/sited\/wp-json\/wp\/v2\/media?parent=6679"}],"wp:term":[{"taxonomy":"category","embeddable":true,"href":"https:\/\/sertaneja95fm.com.br\/sited\/wp-json\/wp\/v2\/categories?post=6679"},{"taxonomy":"post_tag","embeddable":true,"href":"https:\/\/sertaneja95fm.com.br\/sited\/wp-json\/wp\/v2\/tags?post=6679"}],"curies":[{"name":"wp","href":"https:\/\/api.w.org\/{rel}","templated":true}]}}