{"id":6739,"date":"2022-08-16T16:05:59","date_gmt":"2022-08-16T19:05:59","guid":{"rendered":"https:\/\/sertaneja95fm.com.br\/?p=6739"},"modified":"2022-08-16T16:05:59","modified_gmt":"2022-08-16T19:05:59","slug":"brasil-salta-de-um-para-mais-de-3-000-casos-de-variola-do-macaco-em-dez-semanas","status":"publish","type":"post","link":"https:\/\/sertaneja95fm.com.br\/sited\/brasil-salta-de-um-para-mais-de-3-000-casos-de-variola-do-macaco-em-dez-semanas\/","title":{"rendered":"Brasil salta de um para mais de 3.000 casos de var\u00edola do macaco em dez semanas"},"content":{"rendered":"\n<p>O Brasil superou nesta ter\u00e7a-feira (16) a marca de 3.000 casos confirmados de var\u00edola do macaco, dez semanas ap\u00f3s o primeiro paciente ser diagnosticado com a doen\u00e7a. Com pelo menos 3.069 infectados nesse per\u00edodo, o Brasil j\u00e1 \u00e9 o quarto pa\u00eds em n\u00famero de casos, atr\u00e1s apenas da Alemanha (3.143), da Espanha (5.856) e dos Estados Unidos (11.890).<\/p>\n\n\n\n<p>Os dados foram compilados pelo R7 de acordo com o boletim desta segunda-feira (15) do Minist\u00e9rio da Sa\u00fade \u2013 os n\u00fameros de hoje ainda n\u00e3o foram divulgados \u2013 e com informa\u00e7\u00f5es desta ter\u00e7a da Secretaria de Estado da Sa\u00fade de S\u00e3o Paulo, onde a maioria dos casos est\u00e1 concentrada.<\/p>\n\n\n\n<p>S\u00e3o Paulo tem hoje 2.103 diagn\u00f3sticos, um acr\u00e9scimo de 84 novos casos desde ontem. Em seguida, aparecem: Rio de Janeiro (355) e Minas Gerais (133).<\/p>\n\n\n\n<p><strong>As demais unidades da Federa\u00e7\u00e3o com casos confirmados s\u00e3o:<\/strong><\/p>\n\n\n\n<p>\u2022 Distrito Federal: 116<br>\u2022 Goi\u00e1s: 116<br>\u2022 Paran\u00e1: 62<br>\u2022 Rio Grande do Sul: 44<br>\u2022 Santa Catarina: 36<br>\u2022 Bahia: 26<br>\u2022 Pernambuco: 15<br>\u2022 Cear\u00e1: 14<br>\u2022 Mato Grosso do Sul: 10<br>\u2022 Rio Grande do Norte: 10<br>\u2022 Amazonas: 9<br>\u2022 Esp\u00edrito Santo: 8<br>\u2022 Mato Grosso: 4<br>\u2022 Par\u00e1: 2<br>\u2022 Maranh\u00e3o: 2<br>\u2022 Acre: 1<br>\u2022 Tocantins: 1<br>\u2022 Para\u00edba: 1<br>\u2022 Piau\u00ed: 1<\/p>\n\n\n\n<p>Apenas Sergipe, Alagoas, Roraima e Amap\u00e1 n\u00e3o t\u00eam diagn\u00f3sticos confirmados da doen\u00e7a at\u00e9 o momento. O boletim do Minist\u00e9rio da Sa\u00fade ainda mostra que h\u00e1 quase 4.000 casos suspeitos.<\/p>\n\n\n\n<p><strong>R7<\/strong><\/p>\n\n\n\n<p><em>Foto: Dado Ruvic<\/em><\/p>\n","protected":false},"excerpt":{"rendered":"<p>O Brasil superou nesta ter\u00e7a-feira (16) a marca de 3.000 casos confirmados de var\u00edola do macaco, dez semanas ap\u00f3s o primeiro paciente ser diagnosticado com a doen\u00e7a. Com pelo menos 3.069 infectados nesse per\u00edodo, o Brasil j\u00e1 \u00e9 o quarto pa\u00eds em n\u00famero de casos, atr\u00e1s apenas da Alemanha (3.143), da Espanha (5.856) e dos [&hellip;]<\/p>\n","protected":false},"author":1,"featured_media":6740,"comment_status":"closed","ping_status":"closed","sticky":false,"template":"","format":"standard","meta":{"footnotes":""},"categories":[3,4,5,6,7,8,1],"tags":[],"class_list":["post-6739","post","type-post","status-publish","format-standard","has-post-thumbnail","hentry","category-destaque","category-locais","category-noticias","category-podcasts","category-sem-categoria","category-ultimas","category-uncategorized"],"aioseo_notices":[],"_links":{"self":[{"href":"https:\/\/sertaneja95fm.com.br\/sited\/wp-json\/wp\/v2\/posts\/6739","targetHints":{"allow":["GET"]}}],"collection":[{"href":"https:\/\/sertaneja95fm.com.br\/sited\/wp-json\/wp\/v2\/posts"}],"about":[{"href":"https:\/\/sertaneja95fm.com.br\/sited\/wp-json\/wp\/v2\/types\/post"}],"author":[{"embeddable":true,"href":"https:\/\/sertaneja95fm.com.br\/sited\/wp-json\/wp\/v2\/users\/1"}],"replies":[{"embeddable":true,"href":"https:\/\/sertaneja95fm.com.br\/sited\/wp-json\/wp\/v2\/comments?post=6739"}],"version-history":[{"count":0,"href":"https:\/\/sertaneja95fm.com.br\/sited\/wp-json\/wp\/v2\/posts\/6739\/revisions"}],"wp:featuredmedia":[{"embeddable":true,"href":"https:\/\/sertaneja95fm.com.br\/sited\/wp-json\/"}],"wp:attachment":[{"href":"https:\/\/sertaneja95fm.com.br\/sited\/wp-json\/wp\/v2\/media?parent=6739"}],"wp:term":[{"taxonomy":"category","embeddable":true,"href":"https:\/\/sertaneja95fm.com.br\/sited\/wp-json\/wp\/v2\/categories?post=6739"},{"taxonomy":"post_tag","embeddable":true,"href":"https:\/\/sertaneja95fm.com.br\/sited\/wp-json\/wp\/v2\/tags?post=6739"}],"curies":[{"name":"wp","href":"https:\/\/api.w.org\/{rel}","templated":true}]}}