{"id":6742,"date":"2022-08-16T16:12:50","date_gmt":"2022-08-16T19:12:50","guid":{"rendered":"https:\/\/sertaneja95fm.com.br\/?p=6742"},"modified":"2022-08-16T16:12:50","modified_gmt":"2022-08-16T19:12:50","slug":"numero-de-chaves-pix-cadastradas-e-mais-do-que-o-dobro-da-populacao-mostra-bc","status":"publish","type":"post","link":"https:\/\/sertaneja95fm.com.br\/sited\/numero-de-chaves-pix-cadastradas-e-mais-do-que-o-dobro-da-populacao-mostra-bc\/","title":{"rendered":"N\u00famero de chaves Pix cadastradas \u00e9 mais do que o dobro da popula\u00e7\u00e3o, mostra BC"},"content":{"rendered":"\n<p>O total de chaves Pix ativas ultrapassou em julho deste ano os 478 milh\u00f5es, segundo estat\u00edsticas do Banco Central. O n\u00famero corresponde a mais que o dobro da popula\u00e7\u00e3o brasileira, que \u00e9 estimada em cerca de 214 milh\u00f5es de habitantes pelo Instituto Brasileiro de Geografia e Estat\u00edstica (IBGE).<\/p>\n\n\n\n<p>O Pix \u00e9 um meio de pagamentos instant\u00e2neos, que possibilita transa\u00e7\u00f5es financeiras gratuitas. O sistema foi desenvolvido pelo Banco Central e foi implementado em 2020. Em julho, o n\u00famero de usu\u00e1rios cadastrados para utilizar o servi\u00e7o era de mais de 131,8 milh\u00f5es.<\/p>\n\n\n\n<p>Entre as 478 milh\u00f5es de chaves Pix cadastradas, 95,6% s\u00e3o de pessoas f\u00edsicas. O tipo mais usado \u00e9 a chave aleat\u00f3ria, em que \u00e9 fornecida uma combina\u00e7\u00e3o de n\u00fameros e letras (39,78%), seguida pela chave de CPF (22,75%), n\u00famero de celular (20,98%) e endere\u00e7o de e-mail (14,71%).<\/p>\n\n\n\n<p>O Pix teve mais de 2 bilh\u00f5es de transa\u00e7\u00f5es em julho, movimentando cerca de R$ 933 bilh\u00f5es. As modalidades Pix Saque e Pix Troco, que come\u00e7aram a funcionar no fim de 2021 e permitem que os usu\u00e1rios fa\u00e7am saques em estabelecimentos comerciais, n\u00e3o apenas em caixas eletr\u00f4nicos, movimentaram mais de R$ 37 milh\u00f5es, em 270 mil transa\u00e7\u00f5es. A oferta das duas modalidades \u00e9 opcional e depende dos estabelecimentos.<\/p>\n\n\n\n<p><strong>Estad\u00e3o Conte\u00fado<\/strong><\/p>\n\n\n\n<p><em>Foto: Marcelo Casall<\/em><\/p>\n\n\n\n<p><\/p>\n","protected":false},"excerpt":{"rendered":"<p>O total de chaves Pix ativas ultrapassou em julho deste ano os 478 milh\u00f5es, segundo estat\u00edsticas do Banco Central. O n\u00famero corresponde a mais que o dobro da popula\u00e7\u00e3o brasileira, que \u00e9 estimada em cerca de 214 milh\u00f5es de habitantes pelo Instituto Brasileiro de Geografia e Estat\u00edstica (IBGE). O Pix \u00e9 um meio de pagamentos [&hellip;]<\/p>\n","protected":false},"author":1,"featured_media":6743,"comment_status":"closed","ping_status":"closed","sticky":false,"template":"","format":"standard","meta":{"footnotes":""},"categories":[3,4,5,6,7,8],"tags":[],"class_list":["post-6742","post","type-post","status-publish","format-standard","has-post-thumbnail","hentry","category-destaque","category-locais","category-noticias","category-podcasts","category-sem-categoria","category-ultimas"],"aioseo_notices":[],"_links":{"self":[{"href":"https:\/\/sertaneja95fm.com.br\/sited\/wp-json\/wp\/v2\/posts\/6742","targetHints":{"allow":["GET"]}}],"collection":[{"href":"https:\/\/sertaneja95fm.com.br\/sited\/wp-json\/wp\/v2\/posts"}],"about":[{"href":"https:\/\/sertaneja95fm.com.br\/sited\/wp-json\/wp\/v2\/types\/post"}],"author":[{"embeddable":true,"href":"https:\/\/sertaneja95fm.com.br\/sited\/wp-json\/wp\/v2\/users\/1"}],"replies":[{"embeddable":true,"href":"https:\/\/sertaneja95fm.com.br\/sited\/wp-json\/wp\/v2\/comments?post=6742"}],"version-history":[{"count":0,"href":"https:\/\/sertaneja95fm.com.br\/sited\/wp-json\/wp\/v2\/posts\/6742\/revisions"}],"wp:featuredmedia":[{"embeddable":true,"href":"https:\/\/sertaneja95fm.com.br\/sited\/wp-json\/"}],"wp:attachment":[{"href":"https:\/\/sertaneja95fm.com.br\/sited\/wp-json\/wp\/v2\/media?parent=6742"}],"wp:term":[{"taxonomy":"category","embeddable":true,"href":"https:\/\/sertaneja95fm.com.br\/sited\/wp-json\/wp\/v2\/categories?post=6742"},{"taxonomy":"post_tag","embeddable":true,"href":"https:\/\/sertaneja95fm.com.br\/sited\/wp-json\/wp\/v2\/tags?post=6742"}],"curies":[{"name":"wp","href":"https:\/\/api.w.org\/{rel}","templated":true}]}}