{"id":6748,"date":"2022-08-16T16:32:50","date_gmt":"2022-08-16T19:32:50","guid":{"rendered":"https:\/\/sertaneja95fm.com.br\/?p=6748"},"modified":"2022-08-16T16:32:50","modified_gmt":"2022-08-16T19:32:50","slug":"video-suspeito-de-ferir-mulher-tenta-fugir-da-policia-em-carroca-e-e-preso-na-grande-natal","status":"publish","type":"post","link":"https:\/\/sertaneja95fm.com.br\/sited\/video-suspeito-de-ferir-mulher-tenta-fugir-da-policia-em-carroca-e-e-preso-na-grande-natal\/","title":{"rendered":"V\u00cdDEO: Suspeito de ferir mulher tenta fugir da pol\u00edcia em carro\u00e7a e \u00e9 preso na Grande Natal"},"content":{"rendered":"\n<p>Um homem foi preso na tarde desta domingo (14) suspeito de agredir a companheira e tentar fugir da Pol\u00edcia Militar em uma carro\u00e7a puxada por um cavalo em Extremoz, na Grande Natal. A persegui\u00e7\u00e3o foi registrada por uma c\u00e2mera instalada na viatura da PM.<\/p>\n\n\n\n<p>De acordo com a Pol\u00edcia Militar, por volta das 15h a equipe foi acionada para uma ocorr\u00eancia de agress\u00e3o contra a mulher no conjunto Estrela do Mar, no centro de Extremoz. A v\u00edtima informou que o suspeito estava armado com um fac\u00e3o, quebrando tudo em casa e amea\u00e7ando ela.<\/p>\n\n\n\n<p>A mulher estava ferida no bra\u00e7o, sangrando, ap\u00f3s ter sofrido um golpe de fac\u00e3o, segundo os policiais. E o homem havia fugido em uma carro\u00e7a.<\/p>\n\n\n\n<figure class=\"wp-block-video\"><video controls src=\"https:\/\/sertaneja95fm.com.br\/responsivo\/wp-content\/uploads\/2022\/08\/Z8DuGGLJu2-SzkF.mp4\"><\/video><\/figure>\n\n\n\n<p>A v\u00edtima foi levada pelos policiais ao hospital do mun\u00edcipio. O suspeito foi localizado minutos depois no conjunto Central Park I. Segundo a PM, ele desobedeceu a ordem de parada e tentou fugir na carro\u00e7a. Os agentes perseguiram o homem e conseguiram det\u00ea-lo ap\u00f3s disparar uma arma de choque contra ele.<\/p>\n\n\n\n<p>O suspeito, que tem 34 anos, foi algemado e levado para a Delegacia da Mulher, na Zona Norte de Natal. Ele j\u00e1 tinha condena\u00e7\u00f5es e responde \u00e0 Justi\u00e7a por roubos e recepta\u00e7\u00e3o, informou a pol\u00edcia.<\/p>\n\n\n\n<p><strong><em>*Com informa\u00e7\u00f5es g1<\/em>&nbsp;RN<\/strong><\/p>\n","protected":false},"excerpt":{"rendered":"<p>Um homem foi preso na tarde desta domingo (14) suspeito de agredir a companheira e tentar fugir da Pol\u00edcia Militar em uma carro\u00e7a puxada por um cavalo em Extremoz, na Grande Natal. A persegui\u00e7\u00e3o foi registrada por uma c\u00e2mera instalada na viatura da PM. De acordo com a Pol\u00edcia Militar, por volta das 15h a [&hellip;]<\/p>\n","protected":false},"author":1,"featured_media":6750,"comment_status":"closed","ping_status":"closed","sticky":false,"template":"","format":"standard","meta":{"footnotes":""},"categories":[3,4,5,6,7,8],"tags":[],"class_list":["post-6748","post","type-post","status-publish","format-standard","has-post-thumbnail","hentry","category-destaque","category-locais","category-noticias","category-podcasts","category-sem-categoria","category-ultimas"],"aioseo_notices":[],"_links":{"self":[{"href":"https:\/\/sertaneja95fm.com.br\/sited\/wp-json\/wp\/v2\/posts\/6748","targetHints":{"allow":["GET"]}}],"collection":[{"href":"https:\/\/sertaneja95fm.com.br\/sited\/wp-json\/wp\/v2\/posts"}],"about":[{"href":"https:\/\/sertaneja95fm.com.br\/sited\/wp-json\/wp\/v2\/types\/post"}],"author":[{"embeddable":true,"href":"https:\/\/sertaneja95fm.com.br\/sited\/wp-json\/wp\/v2\/users\/1"}],"replies":[{"embeddable":true,"href":"https:\/\/sertaneja95fm.com.br\/sited\/wp-json\/wp\/v2\/comments?post=6748"}],"version-history":[{"count":0,"href":"https:\/\/sertaneja95fm.com.br\/sited\/wp-json\/wp\/v2\/posts\/6748\/revisions"}],"wp:featuredmedia":[{"embeddable":true,"href":"https:\/\/sertaneja95fm.com.br\/sited\/wp-json\/"}],"wp:attachment":[{"href":"https:\/\/sertaneja95fm.com.br\/sited\/wp-json\/wp\/v2\/media?parent=6748"}],"wp:term":[{"taxonomy":"category","embeddable":true,"href":"https:\/\/sertaneja95fm.com.br\/sited\/wp-json\/wp\/v2\/categories?post=6748"},{"taxonomy":"post_tag","embeddable":true,"href":"https:\/\/sertaneja95fm.com.br\/sited\/wp-json\/wp\/v2\/tags?post=6748"}],"curies":[{"name":"wp","href":"https:\/\/api.w.org\/{rel}","templated":true}]}}