{"id":6763,"date":"2022-08-25T15:58:48","date_gmt":"2022-08-25T18:58:48","guid":{"rendered":"https:\/\/sertaneja95fm.com.br\/?p=6763"},"modified":"2022-08-25T15:58:48","modified_gmt":"2022-08-25T18:58:48","slug":"eleitor-nao-podera-entrar-com-celular-na-cabine-de-votacao-determina-tse","status":"publish","type":"post","link":"https:\/\/sertaneja95fm.com.br\/sited\/eleitor-nao-podera-entrar-com-celular-na-cabine-de-votacao-determina-tse\/","title":{"rendered":"Eleitor n\u00e3o poder\u00e1 entrar com celular na cabine de vota\u00e7\u00e3o, determina TSE"},"content":{"rendered":"\n<p>O Tribunal Superior Eleitoral (TSE) decidiu, por unanimidade, nesta quinta-feira (25) que o eleitor deve entregar o celular ou qualquer outro aparelho eletr\u00f4nico antes de entrar na cabine de vota\u00e7\u00e3o no dia da elei\u00e7\u00e3o. O objetivo da medida \u00e9 garantir o sigilo do voto.<\/p>\n\n\n\n<p>Al\u00e9m disso, detectores de metais poder\u00e3o ser utilizados em situa\u00e7\u00f5es excepcionais, avaliadas caso a caso pelo juiz eleitoral. A Corte respondeu a uma consulta do partido Uni\u00e3o Brasil, que questionou ao tribunal se a proibi\u00e7\u00e3o de celulares na cabine de vota\u00e7\u00e3o ainda est\u00e1 em vigor.<\/p>\n\n\n\n<p>Segundo o partido, uma resolu\u00e7\u00e3o da Corte deste ano passou a prever que: \u201cpara que a eleitora ou o eleitor possa se dirigir \u00e0 cabina de vota\u00e7\u00e3o, os aparelhos mencionados no caput deste artigo dever\u00e3o ser desligados ou guardados, sem manuseio na cabine de vota\u00e7\u00e3o\u201d.<\/p>\n\n\n\n<p>Os ministros responderam que o celular n\u00e3o poder\u00e1 ser guardado no bolso ou desligado e dever\u00e1 ser entregue pelo eleitor antes de acessar \u00e0 cabine de vota\u00e7\u00e3o.<\/p>\n\n\n\n<p>Uma nova resolu\u00e7\u00e3o deve ser aprovada na pr\u00f3xima semana para deixar clara a proibi\u00e7\u00e3o. Segundo o TSE, uma mesa receptora ser\u00e1 respons\u00e1vel pela reten\u00e7\u00e3o e guarda dos aparelhos. Se o eleitor se recusar, o juiz eleitoral ser\u00e1 avisado e dever\u00e1 chamar a Pol\u00edcia Militar.<\/p>\n\n\n\n<p>O presidente do TSE ainda destacou hip\u00f3teses em que o celular pode ser usado ilegalmente no dia da elei\u00e7\u00e3o, como relatos de mil\u00edcias exigindo v\u00eddeos dos eleitores para comprovarem em quem votaram, o oferecimento de vantagem em troca do voto e at\u00e9 tentativa de fazer v\u00eddeos mostrando falsos problemas nas urnas.<\/p>\n\n\n\n<p>\u201cEntendo que n\u00f3s n\u00e3o devemos vedar de forma absoluta a possibilidade de utiliza\u00e7\u00e3o de detector de metais. Em algumas localidades h\u00e1 o pedido do ter em virtude de armas. De forma excepcional, deve ser consultado o juiz eleitoral\u201d, afirmou Moraes.<\/p>\n\n\n\n<p>O ministro Ricardo Lewandowski afirmou que, quem n\u00e3o quiser deixar o celular com o mes\u00e1rio, \u201cj\u00e1 saber\u00e1 de antem\u00e3o que dever\u00e1 deixar o celular em casa ou com algum parente\u201d. A ministra C\u00e1rmen L\u00facia destacou que a veda\u00e7\u00e3o \u00e9 \u201cem beneficio, em resguardo \u00e0 incolumidade do voto do eleitor\u201d.<\/p>\n\n\n\n<p><strong>\u00a0G1<\/strong><\/p>\n\n\n\n<p><em>Foto: Reprodu\u00e7\u00e3o<\/em><\/p>\n","protected":false},"excerpt":{"rendered":"<p>O Tribunal Superior Eleitoral (TSE) decidiu, por unanimidade, nesta quinta-feira (25) que o eleitor deve entregar o celular ou qualquer outro aparelho eletr\u00f4nico antes de entrar na cabine de vota\u00e7\u00e3o no dia da elei\u00e7\u00e3o. O objetivo da medida \u00e9 garantir o sigilo do voto. Al\u00e9m disso, detectores de metais poder\u00e3o ser utilizados em situa\u00e7\u00f5es excepcionais, [&hellip;]<\/p>\n","protected":false},"author":1,"featured_media":6764,"comment_status":"closed","ping_status":"closed","sticky":false,"template":"","format":"standard","meta":{"footnotes":""},"categories":[3,4,5,7,8],"tags":[],"class_list":["post-6763","post","type-post","status-publish","format-standard","has-post-thumbnail","hentry","category-destaque","category-locais","category-noticias","category-sem-categoria","category-ultimas"],"aioseo_notices":[],"_links":{"self":[{"href":"https:\/\/sertaneja95fm.com.br\/sited\/wp-json\/wp\/v2\/posts\/6763","targetHints":{"allow":["GET"]}}],"collection":[{"href":"https:\/\/sertaneja95fm.com.br\/sited\/wp-json\/wp\/v2\/posts"}],"about":[{"href":"https:\/\/sertaneja95fm.com.br\/sited\/wp-json\/wp\/v2\/types\/post"}],"author":[{"embeddable":true,"href":"https:\/\/sertaneja95fm.com.br\/sited\/wp-json\/wp\/v2\/users\/1"}],"replies":[{"embeddable":true,"href":"https:\/\/sertaneja95fm.com.br\/sited\/wp-json\/wp\/v2\/comments?post=6763"}],"version-history":[{"count":0,"href":"https:\/\/sertaneja95fm.com.br\/sited\/wp-json\/wp\/v2\/posts\/6763\/revisions"}],"wp:featuredmedia":[{"embeddable":true,"href":"https:\/\/sertaneja95fm.com.br\/sited\/wp-json\/"}],"wp:attachment":[{"href":"https:\/\/sertaneja95fm.com.br\/sited\/wp-json\/wp\/v2\/media?parent=6763"}],"wp:term":[{"taxonomy":"category","embeddable":true,"href":"https:\/\/sertaneja95fm.com.br\/sited\/wp-json\/wp\/v2\/categories?post=6763"},{"taxonomy":"post_tag","embeddable":true,"href":"https:\/\/sertaneja95fm.com.br\/sited\/wp-json\/wp\/v2\/tags?post=6763"}],"curies":[{"name":"wp","href":"https:\/\/api.w.org\/{rel}","templated":true}]}}