{"id":6779,"date":"2022-09-01T16:53:23","date_gmt":"2022-09-01T19:53:23","guid":{"rendered":"https:\/\/sertaneja95fm.com.br\/?p=6779"},"modified":"2022-09-01T16:53:23","modified_gmt":"2022-09-01T19:53:23","slug":"correios-passam-a-exigir-cpf-ou-cnpj-de-remetentes-de-encomendas-nacionais","status":"publish","type":"post","link":"https:\/\/sertaneja95fm.com.br\/sited\/correios-passam-a-exigir-cpf-ou-cnpj-de-remetentes-de-encomendas-nacionais\/","title":{"rendered":"Correios passam a exigir CPF ou CNPJ de remetentes de encomendas nacionais"},"content":{"rendered":"\n<p>A partir desta quinta-feira (1\u00ba), os remetentes de encomendas nacionais transportadas pelos Correios dever\u00e3o informar, no pacote, seu CPF, CNPJ ou, caso n\u00e3o sejam brasileiros e n\u00e3o tenham tais documentos, o n\u00famero do passaporte.<\/p>\n\n\n\n<p>Anunciada na primeira quinzena de julho, a exig\u00eancia valer\u00e1 para todas as postagens, permitindo o rastreamento das encomendas pelo CPF e permitindo o uso de outras formas de interatividade na entrega. Pacotes sem os dados ser\u00e3o recusados pelos atendentes.<\/p>\n\n\n\n<p>Segundo os Correios, os dados pessoais do remetente n\u00e3o ser\u00e3o expostos nas etiquetas, sendo inseridos somente nos sistemas de atendimento, em conformidade com a Lei Geral de Prote\u00e7\u00e3o de Dados (LGPD), conforme j\u00e1 ocorre no caso de remessas internacionais.<\/p>\n\n\n\n<p>Ainda de acordo com os Correios, a medida est\u00e1 em conformidade com protocolos estabelecidos pelo Conselho Nacional de Pol\u00edtica Fazend\u00e1ria (Confaz), que j\u00e1 exige que, nas encomendas nacionais, seja anexada a nota fiscal do produto ou declara\u00e7\u00e3o de conte\u00fado do pacote.<\/p>\n\n\n\n<p>Encomendas endere\u00e7adas aos terminais de autoatendimento (lockers) ou enviadas por meio do servi\u00e7o gratuito Clique e Retire tamb\u00e9m dever\u00e3o conter o CPF, CNPJ ou n\u00famero do passaporte do destinat\u00e1rio, al\u00e9m do n\u00famero de telefone celular ou e-mail.<\/p>\n\n\n\n<p><strong>Ag\u00eancia Brasil<\/strong><\/p>\n\n\n\n<p><em>Foto: Fernando Fraz\u00e3o<\/em><\/p>\n","protected":false},"excerpt":{"rendered":"<p>A partir desta quinta-feira (1\u00ba), os remetentes de encomendas nacionais transportadas pelos Correios dever\u00e3o informar, no pacote, seu CPF, CNPJ ou, caso n\u00e3o sejam brasileiros e n\u00e3o tenham tais documentos, o n\u00famero do passaporte. Anunciada na primeira quinzena de julho, a exig\u00eancia valer\u00e1 para todas as postagens, permitindo o rastreamento das encomendas pelo CPF e [&hellip;]<\/p>\n","protected":false},"author":2,"featured_media":6780,"comment_status":"closed","ping_status":"closed","sticky":false,"template":"","format":"standard","meta":{"footnotes":""},"categories":[3,4,5,6,7,8],"tags":[],"class_list":["post-6779","post","type-post","status-publish","format-standard","has-post-thumbnail","hentry","category-destaque","category-locais","category-noticias","category-podcasts","category-sem-categoria","category-ultimas"],"aioseo_notices":[],"_links":{"self":[{"href":"https:\/\/sertaneja95fm.com.br\/sited\/wp-json\/wp\/v2\/posts\/6779","targetHints":{"allow":["GET"]}}],"collection":[{"href":"https:\/\/sertaneja95fm.com.br\/sited\/wp-json\/wp\/v2\/posts"}],"about":[{"href":"https:\/\/sertaneja95fm.com.br\/sited\/wp-json\/wp\/v2\/types\/post"}],"author":[{"embeddable":true,"href":"https:\/\/sertaneja95fm.com.br\/sited\/wp-json\/wp\/v2\/users\/2"}],"replies":[{"embeddable":true,"href":"https:\/\/sertaneja95fm.com.br\/sited\/wp-json\/wp\/v2\/comments?post=6779"}],"version-history":[{"count":0,"href":"https:\/\/sertaneja95fm.com.br\/sited\/wp-json\/wp\/v2\/posts\/6779\/revisions"}],"wp:featuredmedia":[{"embeddable":true,"href":"https:\/\/sertaneja95fm.com.br\/sited\/wp-json\/"}],"wp:attachment":[{"href":"https:\/\/sertaneja95fm.com.br\/sited\/wp-json\/wp\/v2\/media?parent=6779"}],"wp:term":[{"taxonomy":"category","embeddable":true,"href":"https:\/\/sertaneja95fm.com.br\/sited\/wp-json\/wp\/v2\/categories?post=6779"},{"taxonomy":"post_tag","embeddable":true,"href":"https:\/\/sertaneja95fm.com.br\/sited\/wp-json\/wp\/v2\/tags?post=6779"}],"curies":[{"name":"wp","href":"https:\/\/api.w.org\/{rel}","templated":true}]}}