{"id":6786,"date":"2022-09-06T15:31:56","date_gmt":"2022-09-06T18:31:56","guid":{"rendered":"https:\/\/sertaneja95fm.com.br\/?p=6786"},"modified":"2022-09-06T15:31:56","modified_gmt":"2022-09-06T18:31:56","slug":"rn-tem-mais-de-35-de-candidaturas-femininas-e-lidera-ranking-nacional","status":"publish","type":"post","link":"https:\/\/sertaneja95fm.com.br\/sited\/rn-tem-mais-de-35-de-candidaturas-femininas-e-lidera-ranking-nacional\/","title":{"rendered":"RN tem mais de 35% de candidaturas femininas e lidera ranking nacional"},"content":{"rendered":"\n<p>O Rio Grande do Norte \u00e9 o estado com maior n\u00famero proporcional de candidaturas de mulheres que disputam os cargos p\u00fablicos nas elei\u00e7\u00f5es 2022. Dos 555 candidatos que disputam cargos em solo potiguar, 199 \u2013ou seja, 35,86%\u2013 s\u00e3o mulheres. Em seguida, est\u00e1 o Amap\u00e1, com 35,71%, e Roraima, com 35,7%.<\/p>\n\n\n\n<p>S\u00e3o Paulo tem o maior n\u00famero absoluto da candidaturas de mulheres nos estados: 1.186, o que representa um percentual de 12,15% do total de candidaturas femininas do pa\u00eds, e possui 32,69% da propor\u00e7\u00e3o de mulheres disputando as elei\u00e7\u00f5es em compara\u00e7\u00e3o com o total de candidatos.<\/p>\n\n\n\n<p>J\u00e1 o estado com a menor propor\u00e7\u00e3o na compara\u00e7\u00e3o entre as 27 unidades federativas \u00e9 o Rio de Janeiro, com 31,89%. No total, o Brasil acumula 9.754 candidaturas femininas, o que representa 33,65% do total de 28.986 candidaturas. As informa\u00e7\u00f5es foram obtidas por meio de dados do Tribunal Superior Eleitoral (TSE).<\/p>\n\n\n\n<p>O estado do Rio Grande do Norte tem tradi\u00e7\u00e3o no que diz respeito \u00e0 participa\u00e7\u00e3o das mulheres na pol\u00edtica. Em 1928, em plena Rep\u00fablica Velha, Alzira Soriano disputou e venceu as elei\u00e7\u00f5es para a prefeitura de Lajes \u2013munic\u00edpio distante 152 km da capital, Natal.<\/p>\n\n\n\n<p>Introduzida na vida pol\u00edtica pela l\u00edder feminista Bertha Lutz, ela tomou posse em janeiro de 1929 e ficou no cargo por sete meses. Com o passar das d\u00e9cadas, Alzira ficou conhecida como a primeira prefeita eleita no Brasil. Enquanto esteve \u00e0 frente da administra\u00e7\u00e3o municipal, foi respons\u00e1vel pela constru\u00e7\u00e3o de estradas, mercados p\u00fablicos e novas escolas, al\u00e9m de cuidar da ilumina\u00e7\u00e3o p\u00fablica.<\/p>\n\n\n\n<p>O Rio Grande do Norte tamb\u00e9m \u00e9 origem de Celina Guimar\u00e3es Viana, primeira mulher a se registrar como eleitora no Brasil, em 1927, em Mossor\u00f3.<\/p>\n\n\n\n<p><strong>96 FM<\/strong><\/p>\n\n\n\n<p><em>Foto: Reprodu\u00e7\u00e3o<\/em><\/p>\n","protected":false},"excerpt":{"rendered":"<p>O Rio Grande do Norte \u00e9 o estado com maior n\u00famero proporcional de candidaturas de mulheres que disputam os cargos p\u00fablicos nas elei\u00e7\u00f5es 2022. Dos 555 candidatos que disputam cargos em solo potiguar, 199 \u2013ou seja, 35,86%\u2013 s\u00e3o mulheres. Em seguida, est\u00e1 o Amap\u00e1, com 35,71%, e Roraima, com 35,7%. S\u00e3o Paulo tem o maior [&hellip;]<\/p>\n","protected":false},"author":2,"featured_media":6787,"comment_status":"closed","ping_status":"closed","sticky":false,"template":"","format":"standard","meta":{"footnotes":""},"categories":[3,4,5,8],"tags":[],"class_list":["post-6786","post","type-post","status-publish","format-standard","has-post-thumbnail","hentry","category-destaque","category-locais","category-noticias","category-ultimas"],"aioseo_notices":[],"_links":{"self":[{"href":"https:\/\/sertaneja95fm.com.br\/sited\/wp-json\/wp\/v2\/posts\/6786","targetHints":{"allow":["GET"]}}],"collection":[{"href":"https:\/\/sertaneja95fm.com.br\/sited\/wp-json\/wp\/v2\/posts"}],"about":[{"href":"https:\/\/sertaneja95fm.com.br\/sited\/wp-json\/wp\/v2\/types\/post"}],"author":[{"embeddable":true,"href":"https:\/\/sertaneja95fm.com.br\/sited\/wp-json\/wp\/v2\/users\/2"}],"replies":[{"embeddable":true,"href":"https:\/\/sertaneja95fm.com.br\/sited\/wp-json\/wp\/v2\/comments?post=6786"}],"version-history":[{"count":0,"href":"https:\/\/sertaneja95fm.com.br\/sited\/wp-json\/wp\/v2\/posts\/6786\/revisions"}],"wp:featuredmedia":[{"embeddable":true,"href":"https:\/\/sertaneja95fm.com.br\/sited\/wp-json\/"}],"wp:attachment":[{"href":"https:\/\/sertaneja95fm.com.br\/sited\/wp-json\/wp\/v2\/media?parent=6786"}],"wp:term":[{"taxonomy":"category","embeddable":true,"href":"https:\/\/sertaneja95fm.com.br\/sited\/wp-json\/wp\/v2\/categories?post=6786"},{"taxonomy":"post_tag","embeddable":true,"href":"https:\/\/sertaneja95fm.com.br\/sited\/wp-json\/wp\/v2\/tags?post=6786"}],"curies":[{"name":"wp","href":"https:\/\/api.w.org\/{rel}","templated":true}]}}