{"id":6790,"date":"2022-09-06T15:38:02","date_gmt":"2022-09-06T18:38:02","guid":{"rendered":"https:\/\/sertaneja95fm.com.br\/?p=6790"},"modified":"2022-09-06T15:38:02","modified_gmt":"2022-09-06T18:38:02","slug":"ministerio-da-justica-multa-apple-em-r-122-milhoes-e-suspende-venda-de-iphone-sem-carregador","status":"publish","type":"post","link":"https:\/\/sertaneja95fm.com.br\/sited\/ministerio-da-justica-multa-apple-em-r-122-milhoes-e-suspende-venda-de-iphone-sem-carregador\/","title":{"rendered":"Minist\u00e9rio da Justi\u00e7a multa Apple em R$ 12,2 milh\u00f5es e suspende venda de Iphone sem carregador"},"content":{"rendered":"\n<p>O Minist\u00e9rio da Justi\u00e7a multou a Apple em R$ 12,2 milh\u00f5es e suspendeu imediatamente a venda de Iphones cujos modelos estejam desacompanhados do carregador de energia. Desde que lan\u00e7ou o Iphone 12, em 2019, a empresa decidiu n\u00e3o incluir o adaptador de tomada na caixa dos aparelhos (hoje, a Apple est\u00e1 lan\u00e7ando o Iphone 14, sem carregador) .<\/p>\n\n\n\n<p>A Secretaria Nacional do Consumidor acusa a Apple de pr\u00e1tica abusiva e de venda casada. Em julho, a Uni\u00e3o Europeia j\u00e1 havia adotado a mesma medida. Em nota t\u00e9cnica publicada no Di\u00e1rio Oficial da Uni\u00e3o desta ter\u00e7a-feira, o minist\u00e9rio alegou que a aus\u00eancia do carregador n\u00e3o \u201cdemonstrou a\u00e7\u00e3o efetiva de prote\u00e7\u00e3o ambiental\u201d, que \u00e9 a justificativa da empresa para ter deixado de fornecer os carregadores:<\/p>\n\n\n\n<p>\u201c(A Apple), que continua a fabricar os carregadores de bateria, propaga, declaradamente, o discurso de que a escolha da compra foi passada ao consumidor, mas, na verdade, \u00e9 ela quem decidiu o modo de fornecimento de seu produto. N\u00e3o h\u00e1 elementos para considerar justificada uma opera\u00e7\u00e3o que, visando, declaradamente, a reduzir emiss\u00f5es de carbono, acarreta a inser\u00e7\u00e3o no mercado de consumo de produto cujo uso depende da aquisi\u00e7\u00e3o de outro, que \u00e9, tamb\u00e9m, comercializado pela empresa\u201d.<\/p>\n\n\n\n<p><strong>O Globo<\/strong><\/p>\n\n\n\n<p><em>Foto: Divulga\u00e7\u00e3o<\/em><\/p>\n\n\n\n<p><\/p>\n","protected":false},"excerpt":{"rendered":"<p>O Minist\u00e9rio da Justi\u00e7a multou a Apple em R$ 12,2 milh\u00f5es e suspendeu imediatamente a venda de Iphones cujos modelos estejam desacompanhados do carregador de energia. Desde que lan\u00e7ou o Iphone 12, em 2019, a empresa decidiu n\u00e3o incluir o adaptador de tomada na caixa dos aparelhos (hoje, a Apple est\u00e1 lan\u00e7ando o Iphone 14, [&hellip;]<\/p>\n","protected":false},"author":2,"featured_media":6791,"comment_status":"closed","ping_status":"closed","sticky":false,"template":"","format":"standard","meta":{"footnotes":""},"categories":[3,4,5,8],"tags":[],"class_list":["post-6790","post","type-post","status-publish","format-standard","has-post-thumbnail","hentry","category-destaque","category-locais","category-noticias","category-ultimas"],"aioseo_notices":[],"_links":{"self":[{"href":"https:\/\/sertaneja95fm.com.br\/sited\/wp-json\/wp\/v2\/posts\/6790","targetHints":{"allow":["GET"]}}],"collection":[{"href":"https:\/\/sertaneja95fm.com.br\/sited\/wp-json\/wp\/v2\/posts"}],"about":[{"href":"https:\/\/sertaneja95fm.com.br\/sited\/wp-json\/wp\/v2\/types\/post"}],"author":[{"embeddable":true,"href":"https:\/\/sertaneja95fm.com.br\/sited\/wp-json\/wp\/v2\/users\/2"}],"replies":[{"embeddable":true,"href":"https:\/\/sertaneja95fm.com.br\/sited\/wp-json\/wp\/v2\/comments?post=6790"}],"version-history":[{"count":0,"href":"https:\/\/sertaneja95fm.com.br\/sited\/wp-json\/wp\/v2\/posts\/6790\/revisions"}],"wp:featuredmedia":[{"embeddable":true,"href":"https:\/\/sertaneja95fm.com.br\/sited\/wp-json\/"}],"wp:attachment":[{"href":"https:\/\/sertaneja95fm.com.br\/sited\/wp-json\/wp\/v2\/media?parent=6790"}],"wp:term":[{"taxonomy":"category","embeddable":true,"href":"https:\/\/sertaneja95fm.com.br\/sited\/wp-json\/wp\/v2\/categories?post=6790"},{"taxonomy":"post_tag","embeddable":true,"href":"https:\/\/sertaneja95fm.com.br\/sited\/wp-json\/wp\/v2\/tags?post=6790"}],"curies":[{"name":"wp","href":"https:\/\/api.w.org\/{rel}","templated":true}]}}