{"id":6816,"date":"2022-09-20T15:42:22","date_gmt":"2022-09-20T18:42:22","guid":{"rendered":"https:\/\/sertaneja95fm.com.br\/?p=6816"},"modified":"2022-09-20T15:42:22","modified_gmt":"2022-09-20T18:42:22","slug":"profissionais-de-enfermagem-realizam-paralisacao-nesta-quarta-feira-21","status":"publish","type":"post","link":"https:\/\/sertaneja95fm.com.br\/sited\/profissionais-de-enfermagem-realizam-paralisacao-nesta-quarta-feira-21\/","title":{"rendered":"Profissionais de enfermagem realizam paralisa\u00e7\u00e3o nesta quarta-feira (21)"},"content":{"rendered":"\n<p>Profissionais da \u00e1rea de enfermagem realizam nesta quarta-feira (21) uma paralisa\u00e7\u00e3o contra a suspens\u00e3o do piso salarial da categoria. Em Natal, a movimenta\u00e7\u00e3o vai ocorrer o dia todo, a partir das 9h, na pra\u00e7a 7 de setembro, localizada no bairro Cidade Alta, Zona Leste de Natal. Enquanto que pela manh\u00e3, ser\u00e3o realizadas oficinas de cartazes, apresenta\u00e7\u00f5es culturais e informes jur\u00eddicos, \u00e0 tarde o tempo ser\u00e1 dedicado ao ato p\u00fablico.<\/p>\n\n\n\n<p>Segundo o Sindicato dos Trabalhadores em Sa\u00fade P\u00fablica do Rio Grande do Norte (SindSa\u00fade\/RN), podem participar do ato tanto profissionais de enfermagem da rede p\u00fablica quanto da privada. Mas, conforme adverte o Sindicato, pelo menos 30% desses profissionais precisam ser mantidos em servi\u00e7os de alta e m\u00e9dia complexidade nos hospitais, Unidades de Pronto Atendimento (UPA) e Servi\u00e7o de Atendimento M\u00f3vel de Urg\u00eancia (SAMU) em seus postos de atua\u00e7\u00e3o.<\/p>\n\n\n\n<p>Ainda, segundo o SindSa\u00fade, 100% das unidades da rede de Aten\u00e7\u00e3o Prim\u00e1ria em Sa\u00fade (APS), poder\u00e3o atender a paralisa\u00e7\u00e3o. Est\u00e3o entre elas, por exemplo, as Unidades B\u00e1sicas em Sa\u00fade (UBS), policl\u00ednicas, Unidade de Sa\u00fade da Fam\u00edlia (USF) e Estrat\u00e9gia Sa\u00fade da Fam\u00edlia (ESF). De acordo com o Sindicato, \u00e9 dever dos sindicatos emitirem a emiss\u00e3o de declara\u00e7\u00e3o dos profissionais que ir\u00e3o participar da movimenta\u00e7\u00e3o.<\/p>\n\n\n\n<p>A movimenta\u00e7\u00e3o na capital potiguar, vale lembrar, integra uma mobiliza\u00e7\u00e3o maior: o Dia Nacional de Paralisa\u00e7\u00e3o da Enfermagem pela implementa\u00e7\u00e3o da Lei do Piso Nacional e contra o veto do presidente Bolsonaro. A data da reivindica\u00e7\u00e3o, conforme aponta o SindSa\u00fade, foi decidida em Assembleia Unificada e que os trabalhadores e trabalhadoras da enfermagem aprovaram, tamb\u00e9m, permanecer em estado de greve, ou seja, estarem a postos caso as entidades sindicais e centrais convoquem paralisa\u00e7\u00f5es e mobiliza\u00e7\u00f5es nacionais e locais.<\/p>\n\n\n\n<p><a href=\"http:\/\/www.tribunadonorte.com.br\/noticia\/profissionais-de-enfermagem-realizam-paralisaa-a-o-nesta-quarta-feira-21\/547689\">Tribuna do Norte<\/a><\/p>\n\n\n\n<p><em>Foto: Ravena Rosa<\/em><\/p>\n","protected":false},"excerpt":{"rendered":"<p>Profissionais da \u00e1rea de enfermagem realizam nesta quarta-feira (21) uma paralisa\u00e7\u00e3o contra a suspens\u00e3o do piso salarial da categoria. Em Natal, a movimenta\u00e7\u00e3o vai ocorrer o dia todo, a partir das 9h, na pra\u00e7a 7 de setembro, localizada no bairro Cidade Alta, Zona Leste de Natal. Enquanto que pela manh\u00e3, ser\u00e3o realizadas oficinas de cartazes, [&hellip;]<\/p>\n","protected":false},"author":2,"featured_media":6817,"comment_status":"closed","ping_status":"closed","sticky":false,"template":"","format":"standard","meta":{"footnotes":""},"categories":[3,4,5,6,7,1],"tags":[],"class_list":["post-6816","post","type-post","status-publish","format-standard","has-post-thumbnail","hentry","category-destaque","category-locais","category-noticias","category-podcasts","category-sem-categoria","category-uncategorized"],"aioseo_notices":[],"_links":{"self":[{"href":"https:\/\/sertaneja95fm.com.br\/sited\/wp-json\/wp\/v2\/posts\/6816","targetHints":{"allow":["GET"]}}],"collection":[{"href":"https:\/\/sertaneja95fm.com.br\/sited\/wp-json\/wp\/v2\/posts"}],"about":[{"href":"https:\/\/sertaneja95fm.com.br\/sited\/wp-json\/wp\/v2\/types\/post"}],"author":[{"embeddable":true,"href":"https:\/\/sertaneja95fm.com.br\/sited\/wp-json\/wp\/v2\/users\/2"}],"replies":[{"embeddable":true,"href":"https:\/\/sertaneja95fm.com.br\/sited\/wp-json\/wp\/v2\/comments?post=6816"}],"version-history":[{"count":0,"href":"https:\/\/sertaneja95fm.com.br\/sited\/wp-json\/wp\/v2\/posts\/6816\/revisions"}],"wp:featuredmedia":[{"embeddable":true,"href":"https:\/\/sertaneja95fm.com.br\/sited\/wp-json\/"}],"wp:attachment":[{"href":"https:\/\/sertaneja95fm.com.br\/sited\/wp-json\/wp\/v2\/media?parent=6816"}],"wp:term":[{"taxonomy":"category","embeddable":true,"href":"https:\/\/sertaneja95fm.com.br\/sited\/wp-json\/wp\/v2\/categories?post=6816"},{"taxonomy":"post_tag","embeddable":true,"href":"https:\/\/sertaneja95fm.com.br\/sited\/wp-json\/wp\/v2\/tags?post=6816"}],"curies":[{"name":"wp","href":"https:\/\/api.w.org\/{rel}","templated":true}]}}